{"id":13805,"date":"2012-08-29T00:05:28","date_gmt":"2012-08-29T05:05:28","guid":{"rendered":"http:\/\/contraluzcucuta.co\/?p=13805"},"modified":"2012-08-29T00:06:25","modified_gmt":"2012-08-29T05:06:25","slug":"llega-otro-proceso-de-paz","status":"publish","type":"post","link":"https:\/\/contraluzcucuta.co\/?p=13805","title":{"rendered":"Llega otro proceso de paz"},"content":{"rendered":"<p>Por la raz\u00f3n que sea, el pa\u00eds est\u00e1 a las puertas de iniciar un nuevo proceso de paz. El Estado, como debe ser, saca pecho diciendo que por las arremetidas de las tropas, las Farc y el Eln se ven obligados a poner sobre la mesa cartas aun en blanco,y el Gobierno las toma de manera triunfalista. Las fuerzas de izquierda aseguran que es hora de dar el paso para que los colombianos vivan, por fin, en una patria digna, sana y placentera.<\/p>\n<p>Ahora, el Gobierne debe tener en cuenta las experiencias pasadas y no hacerse el invicto, porque el panorama visto por el retrovisor de los malogrados intentos por pactar acuerdos con los revolucionarios solo deja una cortina de humo y polvo en los ojos de quienes se ilusionaron con aquellas bonitas intenciones. Para la muestra, lainolvidable silla vac\u00eda.<\/p>\n<p><strong>La guerrilla en la pol\u00edtica<\/strong><\/p>\n<p>Para nadie es un secreto que, puntualmente, las Farc tienen un arranque pol\u00edtico. Lo que no se debe permitir es que si piensan y anhelan una curul deben dejar delado y por completo las armas. As\u00ed como ocurri\u00f3 con el nacimiento de la Unidad Patri\u00f3tica, donde solo falt\u00f3 que los subversivos llegaran al capitolio con pantaneras, camuflado y fusil terciado.<\/p>\n<p>Para avanzar sanamente en un nuevo proceso de paz, es necesario que la guerrilla haga alto el fuego de manera inmediata. De otra forma no habr\u00e1 posibilidad de concertar una mesa de di\u00e1logo. Gobierno y guerrilla deben concertar el plazo reflexivo para iniciar el cese de hostilidad y terrorismo en el que la subversi\u00f3n tiene sumido al Estado.<\/p>\n<p>El desastre cometido por el expresidente Andr\u00e9s Pastrana obliga al Estado a no negociar otro despeje, ni mucho menos ofrecer desmilitarizaci\u00f3n de un lugar. La historiacuenta que lo \u00fanico que permiti\u00f3 ese acto, quiz\u00e1 de buena fue en San Vicente del Cagu\u00e1n, fue que los insurgentes, ll\u00e1mense como se llamen, abrieranlas alas que por poco dejan a obscuras al pa\u00eds.<\/p>\n<p><strong>\u00bfAlguien debe pagar?<\/strong><\/p>\n<p>Es m\u00e1s que claro, que los insurgentes van detr\u00e1s del tan sonado perd\u00f3n y olvido, pero el Estado no puede dejar que esas fuerzas de izquierda se traguen el recuerdo de los conciudadanos que torturaron, masacraron y violaron en toda la extensi\u00f3n de la palabra. Sin duda, alguno de aquellos que participaron en esos actos atroces se debe responsabilizar de los hechos. \u00bfQu\u00e9 tal los cabecillas? Pues sea como sea los del subsuelo solo cumpl\u00edan \u00f3rdenes, jalaban del gatillo sin saber por qu\u00e9, ni qui\u00e9n era la v\u00edctima, mientras que las mentes brillantes sab\u00edan cu\u00e1nto da\u00f1o causaban de forma selectiva.<\/p>\n<p>Por eso, la petici\u00f3n es que si existiera un nuevo intento por conseguir la paz en el pa\u00eds, debe ser un proceso que no sea excluyente, y en el que le den participaci\u00f3n a todas las clases, a todas las organizaciones, a todas las v\u00edctimas y, en aras de la igualdad, a los victimarios.<\/p>\n<p>&nbsp; <\/p>\n","protected":false},"excerpt":{"rendered":"<p>Por la raz\u00f3n que sea, el pa\u00eds est\u00e1 a las puertas de iniciar un nuevo proceso de paz. El Estado, como debe ser, saca pecho diciendo que por las arremetidas de las tropas, las Farc y el Eln se ven obligados a poner sobre la mesa cartas aun en blanco,y el Gobierno las toma de &hellip;<\/p>\n","protected":false},"author":1,"featured_media":13806,"comment_status":"open","ping_status":"open","sticky":false,"template":"","format":"standard","meta":{"footnotes":""},"categories":[4,9],"tags":[],"class_list":["post-13805","post","type-post","status-publish","format-standard","has-post-thumbnail","hentry","category-barra","category-politica"],"_links":{"self":[{"href":"https:\/\/contraluzcucuta.co\/index.php?rest_route=\/wp\/v2\/posts\/13805","targetHints":{"allow":["GET"]}}],"collection":[{"href":"https:\/\/contraluzcucuta.co\/index.php?rest_route=\/wp\/v2\/posts"}],"about":[{"href":"https:\/\/contraluzcucuta.co\/index.php?rest_route=\/wp\/v2\/types\/post"}],"author":[{"embeddable":true,"href":"https:\/\/contraluzcucuta.co\/index.php?rest_route=\/wp\/v2\/users\/1"}],"replies":[{"embeddable":true,"href":"https:\/\/contraluzcucuta.co\/index.php?rest_route=%2Fwp%2Fv2%2Fcomments&post=13805"}],"version-history":[{"count":3,"href":"https:\/\/contraluzcucuta.co\/index.php?rest_route=\/wp\/v2\/posts\/13805\/revisions"}],"predecessor-version":[{"id":13809,"href":"https:\/\/contraluzcucuta.co\/index.php?rest_route=\/wp\/v2\/posts\/13805\/revisions\/13809"}],"wp:featuredmedia":[{"embeddable":true,"href":"https:\/\/contraluzcucuta.co\/index.php?rest_route=\/wp\/v2\/media\/13806"}],"wp:attachment":[{"href":"https:\/\/contraluzcucuta.co\/index.php?rest_route=%2Fwp%2Fv2%2Fmedia&parent=13805"}],"wp:term":[{"taxonomy":"category","embeddable":true,"href":"https:\/\/contraluzcucuta.co\/index.php?rest_route=%2Fwp%2Fv2%2Fcategories&post=13805"},{"taxonomy":"post_tag","embeddable":true,"href":"https:\/\/contraluzcucuta.co\/index.php?rest_route=%2Fwp%2Fv2%2Ftags&post=13805"}],"curies":[{"name":"wp","href":"https:\/\/api.w.org\/{rel}","templated":true}]}}