{"id":13762,"date":"2012-08-26T09:13:33","date_gmt":"2012-08-26T14:13:33","guid":{"rendered":"http:\/\/contraluzcucuta.co\/?p=13762"},"modified":"2012-08-26T09:13:33","modified_gmt":"2012-08-26T14:13:33","slug":"cuarto-festival-internacional-de-cuenteros","status":"publish","type":"post","link":"https:\/\/contraluzcucuta.co\/?p=13762","title":{"rendered":"Cuarto festival internacional de cuenteros"},"content":{"rendered":"<p><strong>C\u00daCUTA.-<\/strong> Narradores regionales, nacionales e internacionales participar\u00e1n, del 27 de agosto al 2 de septiembre, en el cuarto Festival de Cuenteros en Norte de Santander, \u2018Encuent\u00e9monos en la frontera\u2019.<\/p>\n<p>Las presentaciones se llevar\u00e1n a cabo en escenarios abiertos y cerrados, teatros, auditorios y espacios de instituciones educativas y penitenciar\u00edas de C\u00facuta.<\/p>\n<p>Se desarrollar\u00e1n galas y muestras de la pr\u00e1ctica de la narraci\u00f3n, acompa\u00f1adas de talleres de formaci\u00f3n y conversatorios con los profesionales de la narraci\u00f3n de Colombia y de pa\u00edses invitados.<\/p>\n<p>El Festival busca brindar un espacio para la circulaci\u00f3n, promoci\u00f3n y divulgaci\u00f3n del cuento y la narraci\u00f3n oral que involucra a los sectores acad\u00e9mico, cultural y productivo.<\/p>\n<p>El objetivo es generar espacios de reflexi\u00f3n y fortalecimiento pedag\u00f3gicos para los formadores de literatura en Norte de Santander y crear puntos de encuentro\u00a0 en los cuales se ofrece una cultura\u00a0 de conocimiento, recreaci\u00f3n y utilizaci\u00f3n del tiempo libre.<\/p>\n<p>La cuarta versi\u00f3n ser\u00e1 un homenaje a Rafael Pombo y cuenta con apoyo de la Gobernaci\u00f3n, las secretar\u00edas de Cultura Departamental y Municipal, la Alcald\u00eda de C\u00facuta, la Universidad Francisco de Paula Santander y el Instituto de Cultura y Turismo de Pamplona.<\/p>\n<p>La entrada a los escenarios ser\u00e1 gratis.<\/p>\n<p>&nbsp; <\/p>\n","protected":false},"excerpt":{"rendered":"<p>C\u00daCUTA.- Narradores regionales, nacionales e internacionales participar\u00e1n, del 27 de agosto al 2 de septiembre, en el cuarto Festival de Cuenteros en Norte de Santander, \u2018Encuent\u00e9monos en la frontera\u2019. Las presentaciones se llevar\u00e1n a cabo en escenarios abiertos y cerrados, teatros, auditorios y espacios de instituciones educativas y penitenciar\u00edas de C\u00facuta. Se desarrollar\u00e1n galas y &hellip;<\/p>\n","protected":false},"author":1,"featured_media":13763,"comment_status":"open","ping_status":"open","sticky":false,"template":"","format":"standard","meta":{"footnotes":""},"categories":[4,37],"tags":[424],"class_list":["post-13762","post","type-post","status-publish","format-standard","has-post-thumbnail","hentry","category-barra","category-paseo-cultural","tag-festival-de-cuenteros-en-cucuta"],"_links":{"self":[{"href":"https:\/\/contraluzcucuta.co\/index.php?rest_route=\/wp\/v2\/posts\/13762","targetHints":{"allow":["GET"]}}],"collection":[{"href":"https:\/\/contraluzcucuta.co\/index.php?rest_route=\/wp\/v2\/posts"}],"about":[{"href":"https:\/\/contraluzcucuta.co\/index.php?rest_route=\/wp\/v2\/types\/post"}],"author":[{"embeddable":true,"href":"https:\/\/contraluzcucuta.co\/index.php?rest_route=\/wp\/v2\/users\/1"}],"replies":[{"embeddable":true,"href":"https:\/\/contraluzcucuta.co\/index.php?rest_route=%2Fwp%2Fv2%2Fcomments&post=13762"}],"version-history":[{"count":2,"href":"https:\/\/contraluzcucuta.co\/index.php?rest_route=\/wp\/v2\/posts\/13762\/revisions"}],"predecessor-version":[{"id":13765,"href":"https:\/\/contraluzcucuta.co\/index.php?rest_route=\/wp\/v2\/posts\/13762\/revisions\/13765"}],"wp:featuredmedia":[{"embeddable":true,"href":"https:\/\/contraluzcucuta.co\/index.php?rest_route=\/wp\/v2\/media\/13763"}],"wp:attachment":[{"href":"https:\/\/contraluzcucuta.co\/index.php?rest_route=%2Fwp%2Fv2%2Fmedia&parent=13762"}],"wp:term":[{"taxonomy":"category","embeddable":true,"href":"https:\/\/contraluzcucuta.co\/index.php?rest_route=%2Fwp%2Fv2%2Fcategories&post=13762"},{"taxonomy":"post_tag","embeddable":true,"href":"https:\/\/contraluzcucuta.co\/index.php?rest_route=%2Fwp%2Fv2%2Ftags&post=13762"}],"curies":[{"name":"wp","href":"https:\/\/api.w.org\/{rel}","templated":true}]}}