{"id":13758,"date":"2012-08-26T08:53:21","date_gmt":"2012-08-26T13:53:21","guid":{"rendered":"http:\/\/contraluzcucuta.co\/?p=13758"},"modified":"2012-08-26T08:53:21","modified_gmt":"2012-08-26T13:53:21","slug":"entregada-avenida-demetrio-mendoza","status":"publish","type":"post","link":"https:\/\/contraluzcucuta.co\/?p=13758","title":{"rendered":"Entregada Avenida Demetrio Mendoza"},"content":{"rendered":"<p><strong>C\u00daCUTA.-<\/strong> Luego de seis meses de trabajos, la concesionaria San Sim\u00f3n entreg\u00f3 en la avenida Demetrio Mendoza el tramo de 2,8 kil\u00f3metros, que se extiende desde la intersecci\u00f3n de la glorieta de Los Panches hasta el puente internacional Francisco de Paula Santander.<\/p>\n<p>La obra comenz\u00f3 en febrero y\u00a0 consisti\u00f3 en la rehabilitaci\u00f3n y mejoramiento de la calzada existente y construcci\u00f3n de una segunda calzada.<\/p>\n<p>Ahora, el corredor vial que une a C\u00facuta con Ure\u00f1a (Venezuela) se muestra seguro. La congesti\u00f3n vehicular se super\u00f3 y el desplazamiento es fluido. El 90 por ciento de los veh\u00edculos que circulan por esta v\u00eda va al otro lado de la frontera.<\/p>\n<p>El alcalde Donamaris Ram\u00edrez resalt\u00f3 la labor y ofreci\u00f3 el voto de confianza a las obras que tiene a cargo la concesionaria. Destac\u00f3 que contribuyen al desarrollo de la ciudad y del \u00c1rea Metropolitana.<\/p>\n<p>Para la ejecuci\u00f3n de los trabajos San Sim\u00f3n adquiri\u00f3 los predios que no permit\u00edan la ampliaci\u00f3n. El proceso de compra demor\u00f3 el comienzo de la obra. La bendici\u00f3n estuvo a cargo del sacerdote Jes\u00fas Uriel Tristancho.<\/p>\n<p>Las pr\u00f3ximas obras para la ciudad ser\u00e1n la recuperaci\u00f3n de las avenidas Kennedy (ciudadela Juan Atalaya) y Panamericana (barrio El Salado). La meta es pavimentar la totalidad de las v\u00edas de acceso a C\u00facuta. Los trabajos se extender\u00e1n a calles y avenidas locales.<\/p>\n<p>San Sim\u00f3n anunci\u00f3 que en marzo terminar\u00e1 el proyecto del anillo vial. El avance de la obra alcanza el 55 por ciento, y ser\u00e1 puesta al servicio de la comunidad cinco meses antes de la fecha pactada.<\/p>\n<p>Josu\u00e9 Tristancho, representante de la concesi\u00f3n, dijo que de esta manera se le cumple a la ciudad y agradeci\u00f3 al alcalde Ram\u00edrez el voto de confianza a la firma, que tendr\u00e1 durante 20 a\u00f1os la supervisi\u00f3n de la v\u00eda.<\/p>\n<p>El Gobierno asign\u00f3, por intermedio del Ministerio de Trasporte, $8000 millones para el 2013 y $8000 millones para el 2014. Los recursos se invertir\u00e1n en la construcci\u00f3n del puente en el anillo vial. En el momento se trabaja en el estudio y dise\u00f1o de la obra para abrir la licitaci\u00f3n.<\/p>\n<p>El municipio aportar\u00e1 $1000 millones que, sumados a los $8000 millones entregados por Ministerio, permitir\u00e1n ejecutar el paso elevado.<\/p>\n<p>&nbsp; <\/p>\n","protected":false},"excerpt":{"rendered":"<p>C\u00daCUTA.- Luego de seis meses de trabajos, la concesionaria San Sim\u00f3n entreg\u00f3 en la avenida Demetrio Mendoza el tramo de 2,8 kil\u00f3metros, que se extiende desde la intersecci\u00f3n de la glorieta de Los Panches hasta el puente internacional Francisco de Paula Santander. La obra comenz\u00f3 en febrero y\u00a0 consisti\u00f3 en la rehabilitaci\u00f3n y mejoramiento de &hellip;<\/p>\n","protected":false},"author":1,"featured_media":13759,"comment_status":"open","ping_status":"open","sticky":false,"template":"","format":"standard","meta":{"footnotes":""},"categories":[7,4],"tags":[249,423],"class_list":["post-13758","post","type-post","status-publish","format-standard","has-post-thumbnail","hentry","category-acontecimientos","category-barra","tag-avenida-demetrio-mendoza","tag-consecionaria-san-simon"],"_links":{"self":[{"href":"https:\/\/contraluzcucuta.co\/index.php?rest_route=\/wp\/v2\/posts\/13758","targetHints":{"allow":["GET"]}}],"collection":[{"href":"https:\/\/contraluzcucuta.co\/index.php?rest_route=\/wp\/v2\/posts"}],"about":[{"href":"https:\/\/contraluzcucuta.co\/index.php?rest_route=\/wp\/v2\/types\/post"}],"author":[{"embeddable":true,"href":"https:\/\/contraluzcucuta.co\/index.php?rest_route=\/wp\/v2\/users\/1"}],"replies":[{"embeddable":true,"href":"https:\/\/contraluzcucuta.co\/index.php?rest_route=%2Fwp%2Fv2%2Fcomments&post=13758"}],"version-history":[{"count":2,"href":"https:\/\/contraluzcucuta.co\/index.php?rest_route=\/wp\/v2\/posts\/13758\/revisions"}],"predecessor-version":[{"id":13761,"href":"https:\/\/contraluzcucuta.co\/index.php?rest_route=\/wp\/v2\/posts\/13758\/revisions\/13761"}],"wp:featuredmedia":[{"embeddable":true,"href":"https:\/\/contraluzcucuta.co\/index.php?rest_route=\/wp\/v2\/media\/13759"}],"wp:attachment":[{"href":"https:\/\/contraluzcucuta.co\/index.php?rest_route=%2Fwp%2Fv2%2Fmedia&parent=13758"}],"wp:term":[{"taxonomy":"category","embeddable":true,"href":"https:\/\/contraluzcucuta.co\/index.php?rest_route=%2Fwp%2Fv2%2Fcategories&post=13758"},{"taxonomy":"post_tag","embeddable":true,"href":"https:\/\/contraluzcucuta.co\/index.php?rest_route=%2Fwp%2Fv2%2Ftags&post=13758"}],"curies":[{"name":"wp","href":"https:\/\/api.w.org\/{rel}","templated":true}]}}