{"id":13754,"date":"2012-08-26T08:12:26","date_gmt":"2012-08-26T13:12:26","guid":{"rendered":"http:\/\/contraluzcucuta.co\/?p=13754"},"modified":"2012-08-26T08:12:26","modified_gmt":"2012-08-26T13:12:26","slug":"bazar-de-la-sexta-y-el-triangulo-550-soluciones-para-ventas-informales","status":"publish","type":"post","link":"https:\/\/contraluzcucuta.co\/?p=13754","title":{"rendered":"Bazar de la Sexta y El Tri\u00e1ngulo: 550 soluciones para ventas informales"},"content":{"rendered":"<p><strong>C\u00daCUTA.-<\/strong> Carpas y lonas har\u00e1n parte de la reestructuraci\u00f3n del Bazar de la Sexta y de El Tri\u00e1ngulo para ofrecer un espacio digno a 550 vendedores ambulantes, de C\u00facuta. A comienzos de a\u00f1o se adecu\u00f3 el Parque Lineal como alternativa al comercio callejero.<\/p>\n<p>Trascurridos ocho meses de gobierno de Donamaris Ram\u00edrez no ha habido la soluci\u00f3n ideal para la presencia de hombres y mujeres en los andenes del centro de la ciudad ni al problema social que genera este oficio.<\/p>\n<p>Los constantes controles y acciones para retirar de las calles las ventas de variada mercanc\u00eda no han sido efectivos y los informales ocupan el espacio p\u00fablico a su antojo.<\/p>\n<p>Los inquilinos del Bazar de la Sexta no est\u00e1n de acuerdo con la medida propuesta por la Alcald\u00eda. Llevan 10 a\u00f1os en el lugar y estiman que tienen el derecho ganado para permanecer all\u00ed.<\/p>\n<p>Setenta vendedores ofrecen ropa usada a precios bajos. La clientela est\u00e1 compuesta\u00a0 por mec\u00e1nicos, gente de estratos cero y uno, y campesinos que llegan a la ciudad en busca de vestidos econ\u00f3micos.<\/p>\n<p>Los precios oscilan entre $1000 y $10.000 para camisas, pantalones y zapatos. Trajes completos a $20.000 y chaquetas a $10.000. Las marcas son variadas y van de la casera a la renombre.<\/p>\n<p>La Alcald\u00eda empez\u00f3, este fin de semana, los trabajos de estructuraci\u00f3n de los espacios que ser\u00e1n adecuados para la reubicaci\u00f3n de los vendedores ambulantes. El alcalde Ram\u00edrez; los secretarios de Gobierno, David Castillo; Infraestructura, Oswaldo Grajales, y Tr\u00e1nsito, Ricardo Villamizar, recorrieron la calle 4 entre avenidas 5 y 6, donde ser\u00e1n ubicados los ambulantes.<\/p>\n<p>Gr\u00faas levantaron los maletines de cemento que encerraban el sector y la r\u00e9plica del monumento del maestro Eduardo Ram\u00edrez Villamizar \u2018Columna Flor\u2019.<\/p>\n<p>La pol\u00edtica de recuperaci\u00f3n del espacio p\u00fablico mediante operativos policiales se mantendr\u00e1. El prop\u00f3sito es permitir que los cucute\u00f1os gocen de la libre circulaci\u00f3n por calles y avenidas.<\/p>\n<p>Los vendedores informales tienen como alternativas para ubicarse los centros comerciales Las Mercedes y El Oit\u00ed, y Cenabastos. David Bonells, gerente de Cenabastos y coordinador del proyecto, dijo que los 550 vendedores se repartir\u00e1n en el Tri\u00e1ngulo (250) y el Bazar de la Sexta (300), en un \u00e1rea de 1,50 por 1,50 metros, cada local. La medida est\u00e1 sujeta a cambios.<\/p>\n<p>El Sindicato de Trabajadores del Comercio Informal (Sintracoin) se mostr\u00f3 de acuerdo con los proyectos emprendidos por la administraci\u00f3n municipal y reconoci\u00f3 que dignificar\u00e1n el oficio.<\/p>\n<p>La Secretar\u00eda de Gobierno tiene la base de datos de los vendedores informales \u00a0para que no aparezcan avivados que pretendan aprovechar los espacios.<\/p>\n<p>&nbsp; <\/p>\n","protected":false},"excerpt":{"rendered":"<p>C\u00daCUTA.- Carpas y lonas har\u00e1n parte de la reestructuraci\u00f3n del Bazar de la Sexta y de El Tri\u00e1ngulo para ofrecer un espacio digno a 550 vendedores ambulantes, de C\u00facuta. A comienzos de a\u00f1o se adecu\u00f3 el Parque Lineal como alternativa al comercio callejero. Trascurridos ocho meses de gobierno de Donamaris Ram\u00edrez no ha habido la &hellip;<\/p>\n","protected":false},"author":1,"featured_media":13755,"comment_status":"open","ping_status":"open","sticky":false,"template":"","format":"standard","meta":{"footnotes":""},"categories":[4,9],"tags":[421,422,170],"class_list":["post-13754","post","type-post","status-publish","format-standard","has-post-thumbnail","hentry","category-barra","category-politica","tag-bazar-de-la-sexta","tag-el-triangulo","tag-vendedores-ambulantes"],"_links":{"self":[{"href":"https:\/\/contraluzcucuta.co\/index.php?rest_route=\/wp\/v2\/posts\/13754","targetHints":{"allow":["GET"]}}],"collection":[{"href":"https:\/\/contraluzcucuta.co\/index.php?rest_route=\/wp\/v2\/posts"}],"about":[{"href":"https:\/\/contraluzcucuta.co\/index.php?rest_route=\/wp\/v2\/types\/post"}],"author":[{"embeddable":true,"href":"https:\/\/contraluzcucuta.co\/index.php?rest_route=\/wp\/v2\/users\/1"}],"replies":[{"embeddable":true,"href":"https:\/\/contraluzcucuta.co\/index.php?rest_route=%2Fwp%2Fv2%2Fcomments&post=13754"}],"version-history":[{"count":2,"href":"https:\/\/contraluzcucuta.co\/index.php?rest_route=\/wp\/v2\/posts\/13754\/revisions"}],"predecessor-version":[{"id":13757,"href":"https:\/\/contraluzcucuta.co\/index.php?rest_route=\/wp\/v2\/posts\/13754\/revisions\/13757"}],"wp:featuredmedia":[{"embeddable":true,"href":"https:\/\/contraluzcucuta.co\/index.php?rest_route=\/wp\/v2\/media\/13755"}],"wp:attachment":[{"href":"https:\/\/contraluzcucuta.co\/index.php?rest_route=%2Fwp%2Fv2%2Fmedia&parent=13754"}],"wp:term":[{"taxonomy":"category","embeddable":true,"href":"https:\/\/contraluzcucuta.co\/index.php?rest_route=%2Fwp%2Fv2%2Fcategories&post=13754"},{"taxonomy":"post_tag","embeddable":true,"href":"https:\/\/contraluzcucuta.co\/index.php?rest_route=%2Fwp%2Fv2%2Ftags&post=13754"}],"curies":[{"name":"wp","href":"https:\/\/api.w.org\/{rel}","templated":true}]}}