{"id":13662,"date":"2012-08-20T10:19:04","date_gmt":"2012-08-20T15:19:04","guid":{"rendered":"http:\/\/contraluzcucuta.co\/?p=13662"},"modified":"2012-08-20T10:19:04","modified_gmt":"2012-08-20T15:19:04","slug":"206-incendios-forestales-atendidos-en-cucuta","status":"publish","type":"post","link":"https:\/\/contraluzcucuta.co\/?p=13662","title":{"rendered":"206 incendios forestales atendidos en C\u00facuta"},"content":{"rendered":"<p><strong>C\u00daCUTA.-<\/strong> Doscientos seis \u00a0incendios forestales ha causado \u2018El Ni\u00f1o\u2019 en C\u00facuta. El fen\u00f3meno clim\u00e1tico se sentir\u00e1 hasta el primer trimestre del 2013 y amenaza con sequ\u00eda y quema de vegetaci\u00f3n.<\/p>\n<p>Ante esta situaci\u00f3n de emergencia, el Consejo Municipal de Gesti\u00f3n del Riesgo de Desastres (CMGRD), antiguo Comit\u00e9 Local para la Prevenci\u00f3n y Atenci\u00f3n de Desastres (Clopad), se declar\u00f3 en alerta y activ\u00f3 el plan de contingencia para atender los llamados de la comunidad.<\/p>\n<p>La administraci\u00f3n municipal emprendi\u00f3 una campa\u00f1a para evitar el incremento del n\u00famero de incendios y sensibilizar a los cucute\u00f1os sobre el uso del agua, para prevenir el desabastecimiento.<\/p>\n<p>Algunas recomendaciones para tener en cuenta en este periodo de sequ\u00eda son las siguientes:<\/p>\n<p><strong>1.-<\/strong> Tener reservas de agua y l\u00edquidos para la hidrataci\u00f3n.<\/p>\n<p><strong>2.-<\/strong> Abastecimiento de agua en recipientes herm\u00e9ticos y que cumplan con las normas de salubridad.<\/p>\n<p><strong>3.-<\/strong> No exponerse al sol por temporadas largas.<\/p>\n<p><strong>4.-<\/strong><strong> <\/strong>No prender fogatas o quemas.<\/p>\n<p><strong>5.-<\/strong> Si se sabe de alg\u00fan incendio forestal, dar pronto aviso a las autoridades a las l\u00edneas 123 o 119.<\/p>\n<p><strong>6.-<\/strong> Ahorrar agua.<\/p>\n<p><strong>7.-<\/strong> \u00a0Reutilizar el agua.<\/p>\n<p><strong>8.-<\/strong> No arrojar basuras, colillas de cigarrillo ni vidrios a lotes bald\u00edos y zonas verdes.<\/p>\n<p>Los incendios en las zonas rural y urbana, en su mayor\u00eda, tienen como causas \u00a0la falta de colaboraci\u00f3n ciudadana, por las fogatas, quema de basura, arrojar colillas de cigarrillo y vidrios en lotes bald\u00edos y \u00e1reas de vegetaci\u00f3n<\/p>\n<p>\u201cEs importante que la ciudadan\u00eda tome conciencia de este problema y contribuya a que estos hechos no ocurran\u201d, dijo Rubby Johanna G\u00e9lvez, secretaria de Seguridad Ciudadana.<\/p>\n<p>En El Malec\u00f3n se controlaron varios incendios en los que se ha comprobado la quema no controlada por parte de una corporaci\u00f3n reincidente en la ejecuci\u00f3n de estos procesos indebidos que afectan el medio ambiente, dijo la funcionaria.<\/p>\n<p>En este tipo de casos se impondr\u00e1n comparendos ambientales a las personas o empresas responsables. En la zona rural ocurren con mayor regularidad estas acciones por las siembras.<\/p>\n<p>\u2018El Ni\u00f1o\u2019 puede ser menos traum\u00e1tico si se siguen las indicaciones el CMGRD y la administraci\u00f3n municipal para evitar racionamientos de agua y sanciones ambientales.<\/p>\n<p>&nbsp; <\/p>\n","protected":false},"excerpt":{"rendered":"<p>C\u00daCUTA.- Doscientos seis \u00a0incendios forestales ha causado \u2018El Ni\u00f1o\u2019 en C\u00facuta. El fen\u00f3meno clim\u00e1tico se sentir\u00e1 hasta el primer trimestre del 2013 y amenaza con sequ\u00eda y quema de vegetaci\u00f3n. Ante esta situaci\u00f3n de emergencia, el Consejo Municipal de Gesti\u00f3n del Riesgo de Desastres (CMGRD), antiguo Comit\u00e9 Local para la Prevenci\u00f3n y Atenci\u00f3n de Desastres &hellip;<\/p>\n","protected":false},"author":1,"featured_media":13663,"comment_status":"open","ping_status":"open","sticky":false,"template":"","format":"standard","meta":{"footnotes":""},"categories":[4,347],"tags":[413],"class_list":["post-13662","post","type-post","status-publish","format-standard","has-post-thumbnail","hentry","category-barra","category-medio-ambiente","tag-incendios-en-cucuta"],"_links":{"self":[{"href":"https:\/\/contraluzcucuta.co\/index.php?rest_route=\/wp\/v2\/posts\/13662","targetHints":{"allow":["GET"]}}],"collection":[{"href":"https:\/\/contraluzcucuta.co\/index.php?rest_route=\/wp\/v2\/posts"}],"about":[{"href":"https:\/\/contraluzcucuta.co\/index.php?rest_route=\/wp\/v2\/types\/post"}],"author":[{"embeddable":true,"href":"https:\/\/contraluzcucuta.co\/index.php?rest_route=\/wp\/v2\/users\/1"}],"replies":[{"embeddable":true,"href":"https:\/\/contraluzcucuta.co\/index.php?rest_route=%2Fwp%2Fv2%2Fcomments&post=13662"}],"version-history":[{"count":2,"href":"https:\/\/contraluzcucuta.co\/index.php?rest_route=\/wp\/v2\/posts\/13662\/revisions"}],"predecessor-version":[{"id":13665,"href":"https:\/\/contraluzcucuta.co\/index.php?rest_route=\/wp\/v2\/posts\/13662\/revisions\/13665"}],"wp:featuredmedia":[{"embeddable":true,"href":"https:\/\/contraluzcucuta.co\/index.php?rest_route=\/wp\/v2\/media\/13663"}],"wp:attachment":[{"href":"https:\/\/contraluzcucuta.co\/index.php?rest_route=%2Fwp%2Fv2%2Fmedia&parent=13662"}],"wp:term":[{"taxonomy":"category","embeddable":true,"href":"https:\/\/contraluzcucuta.co\/index.php?rest_route=%2Fwp%2Fv2%2Fcategories&post=13662"},{"taxonomy":"post_tag","embeddable":true,"href":"https:\/\/contraluzcucuta.co\/index.php?rest_route=%2Fwp%2Fv2%2Ftags&post=13662"}],"curies":[{"name":"wp","href":"https:\/\/api.w.org\/{rel}","templated":true}]}}