{"id":13649,"date":"2012-08-19T16:36:20","date_gmt":"2012-08-19T21:36:20","guid":{"rendered":"http:\/\/contraluzcucuta.co\/?p=13649"},"modified":"2012-08-19T16:36:20","modified_gmt":"2012-08-19T21:36:20","slug":"nuevo-desalojo-de-vendedores-ambulantes-en-el-centro-de-cucuta","status":"publish","type":"post","link":"https:\/\/contraluzcucuta.co\/?p=13649","title":{"rendered":"Nuevo desalojo de vendedores ambulantes en el centro de C\u00facuta"},"content":{"rendered":"<p><strong>C\u00daCUTA.-<\/strong> Vendedores ambulantes, afanados por conseguir el sustento familiar, retornaron a los andenes de las calles c\u00e9ntricas de C\u00facuta en franca desobediencia a las \u00f3rdenes impartidas por la Alcald\u00eda para desalojar el espacio p\u00fablico.<\/p>\n<p>Ante la reiteraci\u00f3n de los informales de desacatar lo decretado, el alcalde Donamaris Ram\u00edrez reinici\u00f3 los operativos de retiro y anunci\u00f3 que \u201ccada d\u00eda ser\u00e1n m\u00e1s dr\u00e1sticos para que los cucute\u00f1os puedan tener sus calles y andenes libres\u201d.<\/p>\n<p>Hombres y mujeres dedicados a este oficio juegan \u2018al gato y al rat\u00f3n\u2019 con la Polic\u00eda. Aguardan agazapados en las esquinas y cuando se acerca el cami\u00f3n con los agentes, recogen la mercanc\u00eda y huyen para evitar que les decomisen los productos.<\/p>\n<p>La respuesta oficial es contundente. \u201cLa decisi\u00f3n de la administraci\u00f3n municipal de recuperar el espacio para los cucute\u00f1os es irreversible\u201d, dijo el Alcalde al ordenar la evacuaci\u00f3n de vendedores.<\/p>\n<p>Agentes al mando del coronel Nicol\u00e1s Zapata cumplieron la orden, el 19 de agosto, y retiraron de las calles del cuadrante del centro a los comerciantes ambulantes y se incautaron de productos perecederos\u00a0 y no perecederos.<\/p>\n<p>Ram\u00edrez afirm\u00f3 que ha agotado las v\u00edas del di\u00e1logo con los voceros de los vendedores informales. En las reuniones se les ha informado sobre las estrategias y las alternativas para que abandonen las v\u00edas y dignifiquen el oficio.<\/p>\n<p>Los expendedores de perecederos deben estar enla Centralde Abastos Cenabastos y los de no perecederos, en el Parque Lineal. La estad\u00eda en este lugar es temporal y mientras se adecuan los centros comerciales dispuestos para que adelanten su actividad. Otras alternativas son buscar locales en Las Mercedes, El Oit\u00ed y Bazar de la Sexta.<\/p>\n<p>Voceros de los vendedores fueron atendidos por los secretarios de Gobierno, David Castillo, y Seguridad y Convivencia Ciudadana, Ruby Johanna G\u00e9lvez Ascanio, y el coronel Zapata. La actitud grosera no permiti\u00f3 el di\u00e1logo.<\/p>\n<p>El alcalde Donamaris Ram\u00edrez lider\u00f3 el operativo desde el puesto de mando, en el Palacio Municipal, y patrull\u00f3 las v\u00edas. La recuperaci\u00f3n del espacio p\u00fablico comenz\u00f3 en enero.<\/p>\n<p>&nbsp;<\/p>\n<p>&nbsp; <\/p>\n","protected":false},"excerpt":{"rendered":"<p>C\u00daCUTA.- Vendedores ambulantes, afanados por conseguir el sustento familiar, retornaron a los andenes de las calles c\u00e9ntricas de C\u00facuta en franca desobediencia a las \u00f3rdenes impartidas por la Alcald\u00eda para desalojar el espacio p\u00fablico. Ante la reiteraci\u00f3n de los informales de desacatar lo decretado, el alcalde Donamaris Ram\u00edrez reinici\u00f3 los operativos de retiro y anunci\u00f3 &hellip;<\/p>\n","protected":false},"author":1,"featured_media":13650,"comment_status":"open","ping_status":"open","sticky":false,"template":"","format":"standard","meta":{"footnotes":""},"categories":[36],"tags":[271],"class_list":["post-13649","post","type-post","status-publish","format-standard","has-post-thumbnail","hentry","category-la-voz-del-pueblo","tag-alcalde-donamaris-ramirez"],"_links":{"self":[{"href":"https:\/\/contraluzcucuta.co\/index.php?rest_route=\/wp\/v2\/posts\/13649","targetHints":{"allow":["GET"]}}],"collection":[{"href":"https:\/\/contraluzcucuta.co\/index.php?rest_route=\/wp\/v2\/posts"}],"about":[{"href":"https:\/\/contraluzcucuta.co\/index.php?rest_route=\/wp\/v2\/types\/post"}],"author":[{"embeddable":true,"href":"https:\/\/contraluzcucuta.co\/index.php?rest_route=\/wp\/v2\/users\/1"}],"replies":[{"embeddable":true,"href":"https:\/\/contraluzcucuta.co\/index.php?rest_route=%2Fwp%2Fv2%2Fcomments&post=13649"}],"version-history":[{"count":2,"href":"https:\/\/contraluzcucuta.co\/index.php?rest_route=\/wp\/v2\/posts\/13649\/revisions"}],"predecessor-version":[{"id":13652,"href":"https:\/\/contraluzcucuta.co\/index.php?rest_route=\/wp\/v2\/posts\/13649\/revisions\/13652"}],"wp:featuredmedia":[{"embeddable":true,"href":"https:\/\/contraluzcucuta.co\/index.php?rest_route=\/wp\/v2\/media\/13650"}],"wp:attachment":[{"href":"https:\/\/contraluzcucuta.co\/index.php?rest_route=%2Fwp%2Fv2%2Fmedia&parent=13649"}],"wp:term":[{"taxonomy":"category","embeddable":true,"href":"https:\/\/contraluzcucuta.co\/index.php?rest_route=%2Fwp%2Fv2%2Fcategories&post=13649"},{"taxonomy":"post_tag","embeddable":true,"href":"https:\/\/contraluzcucuta.co\/index.php?rest_route=%2Fwp%2Fv2%2Ftags&post=13649"}],"curies":[{"name":"wp","href":"https:\/\/api.w.org\/{rel}","templated":true}]}}