{"id":13630,"date":"2012-08-16T22:09:11","date_gmt":"2012-08-17T03:09:11","guid":{"rendered":"http:\/\/contraluzcucuta.co\/?p=13630"},"modified":"2012-08-16T22:09:11","modified_gmt":"2012-08-17T03:09:11","slug":"estudiantes-de-unipamplona-disenaron-sede-de-la-policia-en-arauca","status":"publish","type":"post","link":"https:\/\/contraluzcucuta.co\/?p=13630","title":{"rendered":"Estudiantes de Unipamplona dise\u00f1aron sede de la Polic\u00eda en Arauca"},"content":{"rendered":"<p><strong>PAMPLONA.-<\/strong> N\u00e9stor Medina, Shirley Galindo, Niyireth Corredor y Pedro Holgu\u00edn, estudiantes de la facultad de arquitectura de la Universidad de Pamplona, Recibieron la exaltaci\u00f3n del director de la Polic\u00eda, general Roberto Le\u00f3n Ria\u00f1o, por el proyecto presentado como trabajo de grado.<\/p>\n<p>Los alumnos sustentaron la \u2018Propuesta arquitect\u00f3nica y urbana para la consolidaci\u00f3n y ampliaci\u00f3n de la planta f\u00edsica del comando de polic\u00eda en Arauca\u2019, que les vali\u00f3 la condecoraci\u00f3n de la instituci\u00f3n en ese departamento.<\/p>\n<p>Las felicitaciones se extendieron a la rectora Esperanza Paredes Hern\u00e1ndez, al decano Aldo Pardo Garc\u00eda y al docente Hern\u00e1n Castelblanco Ram\u00edrez, director del trabajo de grado.<\/p>\n<p>Pedro Holgu\u00edn dijo que el proyecto fue ambicioso y extenso, y resalt\u00f3 la asesor\u00eda que recibieron para ejecutarlo. El trabajo se cumpli\u00f3 en poco tiempo, aunque \u201cse dieron unos avances significativos e importantes para el desarrollo que va a llevar esta instituci\u00f3n en 10 a 15 a\u00f1os\u201d.<\/p>\n<p>El coronel Wilson Bravo C\u00e1rdenas, comandante del Departamento de <em>Polic\u00eda <\/em>Arauca, agradeci\u00f3 a nombre de la Polic\u00eda, del general Le\u00f3n Ria\u00f1o y de los 170.000 agentes, a la Universidad el esfuerzo acad\u00e9mico. \u201cManifestamos que las puertas de la Polic\u00eda est\u00e1n abiertas para su personal y sus estudiantes\u201d.<\/p>\n<p>El general Roberto Le\u00f3n salud\u00f3 a la instituci\u00f3n pamplonesa por el esfuerzo hecho para con la Polic\u00eda. \u201cA la se\u00f1ora Rectora, quien ha sido la l\u00edder de estos muchachos y al director del proyecto Hern\u00e1n Castelblanco, por esta gran ense\u00f1anza; as\u00ed mismo, al grupo de docentes que guiaron y acompa\u00f1aron este proyecto\u201d.<\/p>\n<p>Se manifest\u00f3 orgulloso al recibir el trabajo de grado de los j\u00f3venes que con esfuerzo, dedicaci\u00f3n y entusiasmo adelantaron en Arauca. Es \u201cuna propuesta en beneficio de la paz, de la comunidad y del progreso de los araucanos, que han sido tan golpeados por la violencia\u201d.<\/p>\n<p>El docente Castelblanco Ram\u00edrez expres\u00f3 \u00a0que se respondi\u00f3 positivamente al llamado que meses antes hiciera la Polic\u00eda a la Universidad de Pamplona y que los estudiantes cumplieron a cabalidad con las expectativas.<\/p>\n<p>El estudio se desarroll\u00f3 en dos etapas:<\/p>\n<p><strong>1.-<\/strong> Los estudiantes viajaron a Arauca, interrelacion\u00e1ndose con la Polic\u00eda e hicieron los levantamientos, registros fotogr\u00e1ficos, diagn\u00f3sticos y recorridos por la ciudad.<\/p>\n<p><strong>2.-<\/strong> En Pamplona finalizaron el proyecto de grado, que se entreg\u00f3 al comandante de la instituci\u00f3n en Arauca.<\/p>\n<p>&nbsp; <\/p>\n","protected":false},"excerpt":{"rendered":"<p>PAMPLONA.- N\u00e9stor Medina, Shirley Galindo, Niyireth Corredor y Pedro Holgu\u00edn, estudiantes de la facultad de arquitectura de la Universidad de Pamplona, Recibieron la exaltaci\u00f3n del director de la Polic\u00eda, general Roberto Le\u00f3n Ria\u00f1o, por el proyecto presentado como trabajo de grado. Los alumnos sustentaron la \u2018Propuesta arquitect\u00f3nica y urbana para la consolidaci\u00f3n y ampliaci\u00f3n de &hellip;<\/p>\n","protected":false},"author":1,"featured_media":13635,"comment_status":"open","ping_status":"open","sticky":false,"template":"","format":"standard","meta":{"footnotes":""},"categories":[74,4],"tags":[407,161],"class_list":["post-13630","post","type-post","status-publish","format-standard","has-post-thumbnail","hentry","category-aula-universitaria","category-barra","tag-policia-de-arauca","tag-universidad-de-pamplona"],"_links":{"self":[{"href":"https:\/\/contraluzcucuta.co\/index.php?rest_route=\/wp\/v2\/posts\/13630","targetHints":{"allow":["GET"]}}],"collection":[{"href":"https:\/\/contraluzcucuta.co\/index.php?rest_route=\/wp\/v2\/posts"}],"about":[{"href":"https:\/\/contraluzcucuta.co\/index.php?rest_route=\/wp\/v2\/types\/post"}],"author":[{"embeddable":true,"href":"https:\/\/contraluzcucuta.co\/index.php?rest_route=\/wp\/v2\/users\/1"}],"replies":[{"embeddable":true,"href":"https:\/\/contraluzcucuta.co\/index.php?rest_route=%2Fwp%2Fv2%2Fcomments&post=13630"}],"version-history":[{"count":2,"href":"https:\/\/contraluzcucuta.co\/index.php?rest_route=\/wp\/v2\/posts\/13630\/revisions"}],"predecessor-version":[{"id":13639,"href":"https:\/\/contraluzcucuta.co\/index.php?rest_route=\/wp\/v2\/posts\/13630\/revisions\/13639"}],"wp:featuredmedia":[{"embeddable":true,"href":"https:\/\/contraluzcucuta.co\/index.php?rest_route=\/wp\/v2\/media\/13635"}],"wp:attachment":[{"href":"https:\/\/contraluzcucuta.co\/index.php?rest_route=%2Fwp%2Fv2%2Fmedia&parent=13630"}],"wp:term":[{"taxonomy":"category","embeddable":true,"href":"https:\/\/contraluzcucuta.co\/index.php?rest_route=%2Fwp%2Fv2%2Fcategories&post=13630"},{"taxonomy":"post_tag","embeddable":true,"href":"https:\/\/contraluzcucuta.co\/index.php?rest_route=%2Fwp%2Fv2%2Ftags&post=13630"}],"curies":[{"name":"wp","href":"https:\/\/api.w.org\/{rel}","templated":true}]}}