{"id":13618,"date":"2012-08-16T21:34:34","date_gmt":"2012-08-17T02:34:34","guid":{"rendered":"http:\/\/contraluzcucuta.co\/?p=13618"},"modified":"2012-08-16T21:34:34","modified_gmt":"2012-08-17T02:34:34","slug":"canyfron-propone-a-santos-reunion-de-alto-nivel-en-cucuta","status":"publish","type":"post","link":"https:\/\/contraluzcucuta.co\/?p=13618","title":{"rendered":"Canyfron propone a Santos reuni\u00f3n de alto nivel en C\u00facuta"},"content":{"rendered":"<p><strong>C\u00daCUTA.-<\/strong> La Corporaci\u00f3n Acci\u00f3n Nortesantandereana y Fronteriza (Canyfron) le propuso al presidente Juan Manuel Santos Calder\u00f3n organizar un encuentro, foro o reuni\u00f3n para debatir los problemas que aquejan a Norte de Santander y que est\u00e1n representados en la semipar\u00e1lisis del comercio, la ca\u00f3tica situaci\u00f3n de los trasportadores y el peligroso indicador de informales, vendedores ambulantes y desempleados.<\/p>\n<p>Los mayores inconvenientes regionales, seg\u00fan la visi\u00f3n de Jos\u00e9 Neira Rey, presidente de Canyfron, son humanos, derivados de la falta de uni\u00f3n y de la carencia de dirigentes visionarios, que originan tropiezos con los gobiernos centrales y se manifiestan en la falta de labor en equipo.<\/p>\n<p>\u201cAy\u00fadenos a recuperar lo que dec\u00edamos algunos hace 20 o 30 a\u00f1os que C\u00facuta es la esquina con mayor porvenir de la Rep\u00fablica y Norte de Santander el incomparable y enaltecedor \u2018altar de la patria\u2019, por ser depositario del mensaje de nuestro Libertador, de uni\u00f3n, uni\u00f3n, uni\u00f3n, para los pa\u00edses bolivarianos y los que llegan hasta nuestra tierra\u201d, dijo el dirigente.<\/p>\n<p>En la cita, a la que deben asistir ministros, inmediatos colaboradores de la Presidencia, congresistas, gobernadores, alcaldes y representantes del sector privado, se tratar\u00edan los siguientes aspectos:<\/p>\n<p><strong>1.-<\/strong> La necesidad de precisar aut\u00e9nticas y ejemplarizantes medidas, que se trasformen en pol\u00edticas de Estado para acelerar el mejoramiento de la infraestructura y los servicios b\u00e1sicos; impulsar la innovaci\u00f3n, el emprendimiento y la creaci\u00f3n de empleos; aprovechar las ventajas comparativas mediante la expedici\u00f3n de normas y regulaciones que puedan ser aplicadas y utilizadas de manera conjunta con la regi\u00f3n y la zona fronteriza vecina y colindante.<\/p>\n<p><strong>2.-<\/strong> Precisar una mayor y mejor representatividad funcional y operativa de las regiones y las zonas de frontera. La Comisi\u00f3n Intersectorial Fronteriza no convoca, ni act\u00faa, pese a la reiterada propuesta de promover una Cumbre Nacional de Fronteras, para evaluar lo que a cada una corresponde y definir los factores convergentes y aplicables en lo general o individual de cada caso, dada la marginalidad y dependencia que experimentan y viven las \u00e1reas fronterizas.<\/p>\n<p><strong>3.-<\/strong> Que tanto en lo sustantivo como en lo procedimental de la legislaci\u00f3n fronteriza se establezcan acuerdos y entendimientos generales, \u00a0sectoriales o especiales con las naciones vecinas y lim\u00edtrofes para que las zonas y regiones fronterizas sean centros impulsores de desarrollo.<\/p>\n<p><strong>4.-<\/strong> El establecimiento del Fondo o Banco de Desarrollo Fronterizo Colombo-venezolano.<\/p>\n<p><strong>5.-<\/strong> Darle vida a Prointegraci\u00f3n, entidad cuya funci\u00f3n era promover la investigaci\u00f3n y el apoyo a las iniciativas industriales conjuntas o de cada zona, para que con respaldo de universidades y centros docentes exploren, precisen y dinamicen las opciones que en diversas actividades y campos se pueden adelantar. Este empe\u00f1o pretendi\u00f3 tener validez con el aval de Cavendes y Corpozulia, por Venezuela; IFI y Proexpo, por Colombia, m\u00e1s la Corporaci\u00f3n Andina de Fomento (CAF).<\/p>\n<p><strong>6.-<\/strong> Promover la participaci\u00f3n del Banco Interamericano de Desarrollo (BID) para acelerar la actualizaci\u00f3n de los estudios infraestructurales y de servicios, teniendo en cuenta y espec\u00edficamente que en 1964 y 1999, el organismo internacional adelant\u00f3 los estudios para los enlaces entre Colombia y Venezuela.<\/p>\n<p>\u201cNos preocupan el grave estado y las perspectivas de nuestra realidad, dada la disminuci\u00f3n de la capacidad adquisitiva del bol\u00edvar, la escasa representatividad, el estado de las carreteras, la no vigencia de proyectos impulsores de empleo, el aumento de la informalidad, el desempleo y el drama econ\u00f3mico y social, que puede agravarse por el actual estado de violencia y si no hay respuestas que den aliento, vigor y esperanzas a las regiones y zonas fronterizas\u201d, concluy\u00f3 Jos\u00e9 Neira el mensaje al presidente Juan Manuel Santos.<\/p>\n<p>&nbsp; <\/p>\n","protected":false},"excerpt":{"rendered":"<p>C\u00daCUTA.- La Corporaci\u00f3n Acci\u00f3n Nortesantandereana y Fronteriza (Canyfron) le propuso al presidente Juan Manuel Santos Calder\u00f3n organizar un encuentro, foro o reuni\u00f3n para debatir los problemas que aquejan a Norte de Santander y que est\u00e1n representados en la semipar\u00e1lisis del comercio, la ca\u00f3tica situaci\u00f3n de los trasportadores y el peligroso indicador de informales, vendedores ambulantes &hellip;<\/p>\n","protected":false},"author":1,"featured_media":13619,"comment_status":"open","ping_status":"open","sticky":false,"template":"","format":"standard","meta":{"footnotes":""},"categories":[4,106],"tags":[302,303,324],"class_list":["post-13618","post","type-post","status-publish","format-standard","has-post-thumbnail","hentry","category-barra","category-documentos","tag-canyfron","tag-jose-neira-rey","tag-juan-manuel-santos"],"_links":{"self":[{"href":"https:\/\/contraluzcucuta.co\/index.php?rest_route=\/wp\/v2\/posts\/13618","targetHints":{"allow":["GET"]}}],"collection":[{"href":"https:\/\/contraluzcucuta.co\/index.php?rest_route=\/wp\/v2\/posts"}],"about":[{"href":"https:\/\/contraluzcucuta.co\/index.php?rest_route=\/wp\/v2\/types\/post"}],"author":[{"embeddable":true,"href":"https:\/\/contraluzcucuta.co\/index.php?rest_route=\/wp\/v2\/users\/1"}],"replies":[{"embeddable":true,"href":"https:\/\/contraluzcucuta.co\/index.php?rest_route=%2Fwp%2Fv2%2Fcomments&post=13618"}],"version-history":[{"count":2,"href":"https:\/\/contraluzcucuta.co\/index.php?rest_route=\/wp\/v2\/posts\/13618\/revisions"}],"predecessor-version":[{"id":13621,"href":"https:\/\/contraluzcucuta.co\/index.php?rest_route=\/wp\/v2\/posts\/13618\/revisions\/13621"}],"wp:featuredmedia":[{"embeddable":true,"href":"https:\/\/contraluzcucuta.co\/index.php?rest_route=\/wp\/v2\/media\/13619"}],"wp:attachment":[{"href":"https:\/\/contraluzcucuta.co\/index.php?rest_route=%2Fwp%2Fv2%2Fmedia&parent=13618"}],"wp:term":[{"taxonomy":"category","embeddable":true,"href":"https:\/\/contraluzcucuta.co\/index.php?rest_route=%2Fwp%2Fv2%2Fcategories&post=13618"},{"taxonomy":"post_tag","embeddable":true,"href":"https:\/\/contraluzcucuta.co\/index.php?rest_route=%2Fwp%2Fv2%2Ftags&post=13618"}],"curies":[{"name":"wp","href":"https:\/\/api.w.org\/{rel}","templated":true}]}}