{"id":13614,"date":"2012-08-16T20:45:47","date_gmt":"2012-08-17T01:45:47","guid":{"rendered":"http:\/\/contraluzcucuta.co\/?p=13614"},"modified":"2012-08-16T20:45:47","modified_gmt":"2012-08-17T01:45:47","slug":"ninos-y-jovenes-de-el-catatumbo-tienen-un-nuevo-amanecer","status":"publish","type":"post","link":"https:\/\/contraluzcucuta.co\/?p=13614","title":{"rendered":"Ni\u00f1os  y j\u00f3venes de El Catatumbo tienen un \u2018Nuevo amanecer\u2019"},"content":{"rendered":"<p><strong>OCA\u00d1A.-<\/strong> Ni\u00f1os, j\u00f3venes y adolescentes de El Catatumbo recibir\u00e1n atenci\u00f3n integral. As\u00ed qued\u00f3 contemplado en el convenio suscrito por la Gobernaci\u00f3n de Norte de Santander y diez municipios de la zona, con Bienestar Familiar. La inversi\u00f3n conjunta llegar\u00e1 a los $20.000 millones en lo que resta del a\u00f1o<\/p>\n<p>El acuerdo se firm\u00f3 en la inauguraci\u00f3n del Centro de Desarrollo Infantil \u2018Nuevo Amanecer\u2019, en Oca\u00f1a. Los alcaldes que asumieron el compromiso son los de \u00c1brego, Oca\u00f1a, Hacar\u00ed, Convenci\u00f3n, El Carmen, La Playa, Teorama, Tib\u00fa, El Tarra y San Calixto.<\/p>\n<p>Yebrail Haddad Linero, subdirector regional del Sistema Nacional de Bienestar Familiar, explic\u00f3 que los recursos se destinar\u00e1n para la puesta en marcha y el fortalecimiento de la estrategia \u2018De cero a siempre\u2019. El programa apoya a las madres comunitarias para que tengan mejores condiciones laborales. El Gobierno duplicar\u00e1 la inversi\u00f3n en el 2013.<\/p>\n<p>La estrategia incluye la implementaci\u00f3n del programa \u2018Generaciones con Bienestar\u2019. Beneficiar\u00e1 a 2078 ni\u00f1os y j\u00f3venes para que efect\u00faen actividades que les permitan dar buen uso del tiempo libre. De esa manera prevendr\u00e1n embarazos no deseados entre adolescentes, consumo de alcohol y sustancias sicoactivas, y explotaci\u00f3n sexual y laboral.<\/p>\n<p>El gobernador Edgar D\u00edaz dijo que la familia debe ser esencial en la formaci\u00f3n de valores entre los ni\u00f1os y los adolescentes, afligidos por los problemas sociales.<\/p>\n<p>El convenio acompa\u00f1ar\u00e1 al proyecto \u2018Seguridad Alimentaria\u2019, que favorece a 2004 familias vulnerables y desplazadas, y ofrecer\u00e1 apoyo sicoafectivo para evitar el maltrato intrafamiliar.<\/p>\n<p>La direcci\u00f3n del Consejo Departamental de Pol\u00edtica Social estar\u00e1 a cargo del Gobernador. \u201cNuestro Plan de Desarrollo \u2018Un Norte Pa\u2019lante\u2019 est\u00e1\u00a0 comprometido en todas sus \u00e1reas con la protecci\u00f3n de ni\u00f1os, j\u00f3venes y adolescentes\u201d, dijo D\u00edaz Contreras.<\/p>\n<p>&nbsp; <\/p>\n","protected":false},"excerpt":{"rendered":"<p>OCA\u00d1A.- Ni\u00f1os, j\u00f3venes y adolescentes de El Catatumbo recibir\u00e1n atenci\u00f3n integral. As\u00ed qued\u00f3 contemplado en el convenio suscrito por la Gobernaci\u00f3n de Norte de Santander y diez municipios de la zona, con Bienestar Familiar. La inversi\u00f3n conjunta llegar\u00e1 a los $20.000 millones en lo que resta del a\u00f1o El acuerdo se firm\u00f3 en la inauguraci\u00f3n &hellip;<\/p>\n","protected":false},"author":1,"featured_media":13615,"comment_status":"open","ping_status":"open","sticky":false,"template":"","format":"standard","meta":{"footnotes":""},"categories":[32],"tags":[405,246],"class_list":["post-13614","post","type-post","status-publish","format-standard","has-post-thumbnail","hentry","category-recorrido-por-la-region","tag-bienestar-familiar","tag-el-catatumbo"],"_links":{"self":[{"href":"https:\/\/contraluzcucuta.co\/index.php?rest_route=\/wp\/v2\/posts\/13614","targetHints":{"allow":["GET"]}}],"collection":[{"href":"https:\/\/contraluzcucuta.co\/index.php?rest_route=\/wp\/v2\/posts"}],"about":[{"href":"https:\/\/contraluzcucuta.co\/index.php?rest_route=\/wp\/v2\/types\/post"}],"author":[{"embeddable":true,"href":"https:\/\/contraluzcucuta.co\/index.php?rest_route=\/wp\/v2\/users\/1"}],"replies":[{"embeddable":true,"href":"https:\/\/contraluzcucuta.co\/index.php?rest_route=%2Fwp%2Fv2%2Fcomments&post=13614"}],"version-history":[{"count":2,"href":"https:\/\/contraluzcucuta.co\/index.php?rest_route=\/wp\/v2\/posts\/13614\/revisions"}],"predecessor-version":[{"id":13617,"href":"https:\/\/contraluzcucuta.co\/index.php?rest_route=\/wp\/v2\/posts\/13614\/revisions\/13617"}],"wp:featuredmedia":[{"embeddable":true,"href":"https:\/\/contraluzcucuta.co\/index.php?rest_route=\/wp\/v2\/media\/13615"}],"wp:attachment":[{"href":"https:\/\/contraluzcucuta.co\/index.php?rest_route=%2Fwp%2Fv2%2Fmedia&parent=13614"}],"wp:term":[{"taxonomy":"category","embeddable":true,"href":"https:\/\/contraluzcucuta.co\/index.php?rest_route=%2Fwp%2Fv2%2Fcategories&post=13614"},{"taxonomy":"post_tag","embeddable":true,"href":"https:\/\/contraluzcucuta.co\/index.php?rest_route=%2Fwp%2Fv2%2Ftags&post=13614"}],"curies":[{"name":"wp","href":"https:\/\/api.w.org\/{rel}","templated":true}]}}