{"id":13607,"date":"2012-08-16T14:39:28","date_gmt":"2012-08-16T19:39:28","guid":{"rendered":"http:\/\/contraluzcucuta.co\/?p=13607"},"modified":"2012-08-16T22:10:04","modified_gmt":"2012-08-17T03:10:04","slug":"efemerides-cucutenas-agosto","status":"publish","type":"post","link":"https:\/\/contraluzcucuta.co\/?p=13607","title":{"rendered":"EFEM\u00c9RIDES CUCUTE\u00d1AS: AGOSTO"},"content":{"rendered":"<p><strong>A. Efem\u00e9rides<\/strong><br \/>\n<strong>Hace 70 a\u00f1os:<\/strong> Agosto de 1942\u2026<br \/>\nA. 5 de agosto: Don Isidoro Quintero fue nombrado Alcalde interino de C\u00facuta.<br \/>\nB. 18 de agosto: Inaugurado el edificio de la avenida 5\u00aa con calle 14, diagonal al Palacio de Gobierno departamental donde funcionar\u00e1 el Hotel Ritz. Gerente: Jos\u00e9 A. Contreras S.<br \/>\nC. 23 de agosto: Carlos E. Ardila Ord\u00f3\u00f1ez fue nombrado gobernador de N. de S.<br \/>\nD. 30 de agosto: Jorge Seemonet fue nombrado alcalde de C\u00facuta. Se desempe\u00f1aba como fiscal del juzgado Superior de C\u00facuta.<\/p>\n<p><strong>Hace 60 a\u00f1os:<\/strong> Agosto de 1952\u2026<br \/>\nA. 9 de agosto: Nuevo asalto de los Motilones. Asaltaron la regi\u00f3n Quince Letras, a 5 kil\u00f3metros de La Esmeralda, en Convenci\u00f3n.<br \/>\nB. 11 de agosto: El ejemplar N\u00ba 3, de la revista \u2018Estudios Jur\u00eddicos\u2019, \u00f3rgano del Clegio de Abogados de N. de S., inici\u00f3 la circulaci\u00f3n.<br \/>\nC. 14 de agosto: El gobierno departamental por medio del Decreto 457, que reglamenta el funcionamiento de la Universidad de Pamplona, cre\u00f3 la Facultad de Filosof\u00eda y Pedagog\u00eda.<br \/>\nD. 21 de agosto: El C\u00facuta Deportivo venci\u00f3 2 \u2013 0, al Am\u00e9rica de Cali con goles de Toja y Villaverde. Al t\u00e9rmino del encuentro, el defensa motil\u00f3n Lauro Rodr\u00edguez, fue operado de apendicitis por los galenos Mario Mej\u00eda y Miguel Mendoza.<\/p>\n<p><strong>Hace 50 a\u00f1os:<\/strong> Agosto de 1962&#8230;<br \/>\nA. 2 de agosto: Por medio de la Resoluci\u00f3n 209, la Alcald\u00eda estableci\u00f3 un terminal provisional para los veh\u00edculos de placa venezolana. Estaba ubicado en la avenida 0, entre calles 11 y 12.<br \/>\nB. 3 de agosto: Por un mill\u00f3n de pesos, el Banco Cafetero adquiri\u00f3 un lote de 1.800 m2 en la calle 10 entre avenidas 5\u00aa y 6\u00aa, donde construir\u00e1 su propio edificio. Fue la operaci\u00f3n de Finca ra\u00edz m\u00e1s importante en los \u00faltimos a\u00f1os. Oficiaba como gerente en C\u00facuta, Gabriel P\u00e9rez Escalante.<br \/>\nC. 7 de agosto: El Bosque Popular fue inaugurado. Gobernador: Jos\u00e9 Luis Acero Jord\u00e1n; Alcalde: Jos\u00e9 Antonio Rubio; Obispo: Mons. Pablo Correa Le\u00f3n.<br \/>\nD. 20 de agosto: Se instal\u00f3 en Mutiscua una planta de cal agr\u00edcola.<\/p>\n<p><strong>Hace 40 a\u00f1os:<\/strong> Agosto de 1972\u2026<br \/>\nA. 9 de agosto: Jorge Barco Vargas se posesion\u00f3 como Director de la Aeron\u00e1utica Civil.<br \/>\nB. 14 de agosto: La organizaci\u00f3n internacional Kiwani qued\u00f3 establecida en C\u00facuta.<br \/>\nC. 26 de agosto: En la \u2018fiesta del a\u00f1o\u2019 de Skal Club, el compositor Jorge Villamil estren\u00f3 el bambuco \u2018Port\u00f3n de la Frontera\u2019, una de las cancones que nos identifica a nivel nacional e internacional.<br \/>\nD. 27 de agosto: El alcalde inaugur\u00f3 el Instituto para ni\u00f1os sordo-mudos, en unas aulas adaptadas en el Bosque Popular. Fue el primero en su g\u00e9nero que se establece en el pa\u00eds.<\/p>\n<p><strong>Hace 30 a\u00f1os:<\/strong> Agosto de 1982\u2026<br \/>\nA. 5 de agosto: Con la medalla \u2018Jos\u00e9 Rafael Far\u00eda Berm\u00fadez\u2019, m\u00e1ximo galard\u00f3n de la Universidad de Pamplona, fue condecorado el vice Ministro de Educaci\u00f3n, Jos\u00e9 Luis Acero Jord\u00e1n.<br \/>\nB. 2 de agosto: Inaugurada la discoteca \u2018Estaciones\u2019.<br \/>\nC. 12 de agosto: Fue inaugurado el nuevo \u2018Matadero Municipal\u2019. Graciela Villa Lemus, gerente de las Empresas P\u00fablicas Municipales.<br \/>\nD. 24 de agosto: 40 a\u00f1os de vida cumpli\u00f3 el Hospital Mental \u2018Rudesindo Soto\u2019.<br \/>\nE. 27 de agosto: Tom\u00f3 posesi\u00f3n como gobernadora Margarita Silva de Uribe. Ten\u00eda 33 a\u00f1os.<\/p>\n<p><strong>Hace 20 a\u00f1os:<\/strong> Agosto de 1992\u2026<br \/>\nA. 1 de agosto: El concejal Julio V\u00e9lez Trillos se posesion\u00f3 como Presidente del Concejo de C\u00facuta.<br \/>\nB. 4 de agosto: El gobernador \u00c1lvaro Salgar instal\u00f3 el Consejo departamental de Cultura, creado por la resoluci\u00f3n 748 del 24 de julio de 1992.<br \/>\nC. 5 de agosto: El barrio Bel\u00e9n cumpli\u00f3 35 a\u00f1os de vida jur\u00eddica.<br \/>\nD. 17 de agosto: La se\u00f1orita Claudia Patricia Prada Romero representante de Oca\u00f1a, fue elegida Reina departamental de la Belleza.<br \/>\nE. 22 de agosto: Fue inaugurado el centro Comercial Gran Bulevard.<br \/>\nF. 18 de agosto. El cantante nortesantandereano Gabriel Hern\u00e1ndez fue el ganador del Festival de la Canci\u00f3n de Buga (Valle del Cauca)<\/p>\n<p><strong>Hace 10 a\u00f1os:<\/strong> Agosto de 2002\u2026<br \/>\nA. 3 de agosto: El pan de $100, desapareci\u00f3 de las panader\u00edas cucute\u00f1as.<br \/>\nB. 9 de agosto: El gobierno nacional declar\u00f3 la \u2018Calamidad P\u00fablica\u2019 en el municipio de Herr\u00e1n.<br \/>\nC. 10 de agosto: El nortesantandereano Jorge Enrique Mora Rangel fue designado Comandante de las Fuerzas Militares de Colombia.<br \/>\nD. 12 de agosto: El concejal William Villamizar fue el gestor de la estampilla para los ancianos.<br \/>\nE. 14 de agosto: 551 empresas de C\u00facuta deber\u00e1n pagar el nuevo impuesto de Seguridad Democr\u00e1tica.<br \/>\nF. 30 de agosto: Fue inaugurado el parque Mois\u00e9s Sanjuan y la escultura \u2018Semillas de amor\u2019, cerca al puente Jorge Gait\u00e1n Dur\u00e1n.<br \/>\n<strong>OTRAS EFEM\u00c9RIDES:<\/strong><\/p>\n<p>Hace 119 a\u00f1os, el 7 de agosto de 1893. Inauguraci\u00f3n de la estatua de Santander en el parque del mismo nombre en C\u00facuta.<\/p>\n<p>Hace 98 a\u00f1os, el 27 de agosto de 1914. Primer accidente automovil\u00edstico en C\u00facuta.<\/p>\n<p>Hace 74 a\u00f1os, el 18 de agosto de 1938. Fue instalado el Colegio de Abogados de Norte de Santander.<\/p>\n<p>Hace 72 a\u00f1os, el 3 de agosto de 1940. Fundado el Club Cazadores.<\/p>\n<p>Hace 65 a\u00f1os, el 7 de agosto de 1947. Creaci\u00f3n de \u2018Fenalco\u2019 en C\u00facuta.<\/p>\n<p>Hace 62 a\u00f1os, el 5 de agosto de 1950. Inauguraci\u00f3n del puente \u2018Mariano Ospina P\u00e9rez\u2019 sobre el r\u00edo Zulia en la v\u00eda de acceso de C\u00facuta a ese municipio.<\/p>\n<p>Hace 59 a\u00f1os, el 11 de agosto de 1953. Llegan a C\u00facuta la Misioneras de la Madre Laura.<\/p>\n<p>Hace 56 a\u00f1os, el 29 de agosto de 1956. Inauguraci\u00f3n de la Di\u00f3cesis de C\u00facuta.<\/p>\n<p>Hace 38 a\u00f1os, el 9 de agosto de 1974. Fidelia Villamizar fue designada Gobernadora de Norte de Santander. Fue la primera mujer en asumir el cargo.<\/p>\n<p>Hace 34 a\u00f1os, el 10 de agosto de 1978. Mediante el Decreto 210, fue creada la condecoraci\u00f3n \u2018Juana Rangel de Cu\u00e9llar\u2019.<\/p>\n<p>Hace 24 a\u00f1os, el 24 de agosto de 1988. La Resoluci\u00f3n Ejecutiva 135 del Ministerio de Agricultura, siendo presidente el cucute\u00f1o Virgilio Barco Vargas, cre\u00f3 el \u00c1rea Natural \u00danica de Los Estoraques, en el municipio La Playa de Bel\u00e9n.<br \/>\n<strong>B. Natalicios<\/strong><br \/>\nAgosto 8 de 1858. General Virgilio Barco, creador de la industria petrolera<br \/>\nAgosto 25 de 1894. Monse\u00f1or Luis P\u00e9rez Hern\u00e1ndez<br \/>\nAgosto 14 de 1895. Don Aziz Abrajim Elcure<br \/>\nAgosto 19 de 1896. Don Luis Gabriel Castro<br \/>\nAgosto 27 de 1912. Don Antonio Garc\u00eda-Herreros \u00bf?<br \/>\nAgosto 27 de 1923. Eduardo Ram\u00edrez Villamizar<br \/>\nAgosto 18 de 1928. Eduardo Cote Lamus<br \/>\nAgosto 12 de 1936. Oriol Rangel<\/p>\n<p><strong>C. Fallecimientos<\/strong><br \/>\nAgosto 14 de 1919. Margario Quintero J\u00e1come (oca\u00f1ero)<br \/>\nAgosto 27 de 1931. Jos\u00e9 Rafael Unda<br \/>\nAgosto 3 de 1964. Eduardo Cote Lamus<br \/>\nAgosto 10 de 1968. Don Antonio Copello Baptista<br \/>\nAgosto 30 de 1975. Ing. Emilio Gait\u00e1n Mart\u00edn<br \/>\nAgosto 31 de 1979. Pbro. Daniel Jord\u00e1n<br \/>\nAgosto 4 de 1984. Pablo Tarazona Prada<br \/>\nAgosto 23 de 2004. Eduardo Ram\u00edrez Villamizar <\/p>\n","protected":false},"excerpt":{"rendered":"<p>A. Efem\u00e9rides Hace 70 a\u00f1os: Agosto de 1942\u2026 A. 5 de agosto: Don Isidoro Quintero fue nombrado Alcalde interino de C\u00facuta. B. 18 de agosto: Inaugurado el edificio de la avenida 5\u00aa con calle 14, diagonal al Palacio de Gobierno departamental donde funcionar\u00e1 el Hotel Ritz. Gerente: Jos\u00e9 A. Contreras S. C. 23 de agosto: &hellip;<\/p>\n","protected":false},"author":1,"featured_media":13642,"comment_status":"open","ping_status":"open","sticky":false,"template":"","format":"standard","meta":{"footnotes":""},"categories":[403],"tags":[],"class_list":["post-13607","post","type-post","status-publish","format-standard","has-post-thumbnail","hentry","category-efemerides"],"_links":{"self":[{"href":"https:\/\/contraluzcucuta.co\/index.php?rest_route=\/wp\/v2\/posts\/13607","targetHints":{"allow":["GET"]}}],"collection":[{"href":"https:\/\/contraluzcucuta.co\/index.php?rest_route=\/wp\/v2\/posts"}],"about":[{"href":"https:\/\/contraluzcucuta.co\/index.php?rest_route=\/wp\/v2\/types\/post"}],"author":[{"embeddable":true,"href":"https:\/\/contraluzcucuta.co\/index.php?rest_route=\/wp\/v2\/users\/1"}],"replies":[{"embeddable":true,"href":"https:\/\/contraluzcucuta.co\/index.php?rest_route=%2Fwp%2Fv2%2Fcomments&post=13607"}],"version-history":[{"count":2,"href":"https:\/\/contraluzcucuta.co\/index.php?rest_route=\/wp\/v2\/posts\/13607\/revisions"}],"predecessor-version":[{"id":13643,"href":"https:\/\/contraluzcucuta.co\/index.php?rest_route=\/wp\/v2\/posts\/13607\/revisions\/13643"}],"wp:featuredmedia":[{"embeddable":true,"href":"https:\/\/contraluzcucuta.co\/index.php?rest_route=\/wp\/v2\/media\/13642"}],"wp:attachment":[{"href":"https:\/\/contraluzcucuta.co\/index.php?rest_route=%2Fwp%2Fv2%2Fmedia&parent=13607"}],"wp:term":[{"taxonomy":"category","embeddable":true,"href":"https:\/\/contraluzcucuta.co\/index.php?rest_route=%2Fwp%2Fv2%2Fcategories&post=13607"},{"taxonomy":"post_tag","embeddable":true,"href":"https:\/\/contraluzcucuta.co\/index.php?rest_route=%2Fwp%2Fv2%2Ftags&post=13607"}],"curies":[{"name":"wp","href":"https:\/\/api.w.org\/{rel}","templated":true}]}}