{"id":13605,"date":"2012-08-16T14:37:19","date_gmt":"2012-08-16T19:37:19","guid":{"rendered":"http:\/\/contraluzcucuta.co\/?p=13605"},"modified":"2012-08-16T22:09:25","modified_gmt":"2012-08-17T03:09:25","slug":"efemerides-cucutenas-julio","status":"publish","type":"post","link":"https:\/\/contraluzcucuta.co\/?p=13605","title":{"rendered":"EFEM\u00c9RIDES CUCUTE\u00d1AS: Julio"},"content":{"rendered":"<p><strong>A. Efem\u00e9rides<\/strong><br \/>\n<strong>Hace 70 a\u00f1os:<\/strong> Julio de 1942\u2026<br \/>\nA. 4 de julio: El Alcalde decret\u00f3 la expropiaci\u00f3n de un terreno para la construcci\u00f3n del barrio Popular.<br \/>\nB. 11 de julio: Inauguraron en Pamplona los nuevos Cuarteles y la sede del colegio Provincial San Jos\u00e9.<br \/>\nC. 14 de julio: Con la presencia del Ministro de Correos, el cucute\u00f1o Luis Buenahora, se inaugur\u00f3 el servicio telef\u00f3nico directo entre C\u00facuta y Bogot\u00e1.<br \/>\nD. 26 de julio: Fue inaugurada la capilla del asilo de Ancianos \u2018Rudesindo Soto\u2019 de C\u00facuta. La obra fue financiada por su esposa, do\u00f1a Amelia Meoz de Soto.<\/p>\n<p><strong>Hace 60 a\u00f1os:<\/strong> Julio de 1952\u2026<br \/>\nA. 5 de julio: Trascendentales acuerdos fronterizos entre Colombia y Venezuela.<br \/>\nB. 12 de julio: Tom\u00f3 posesi\u00f3n la nueva junta Directiva de la C\u00e1mara de Comercio de C\u00facuta. Don Nicol\u00e1s Colmenares, presidente.<br \/>\nC. 27 de julio: Con un n\u00edtido triunfo 2 \u2013 0, sobre el Mariscal Sucre, el C\u00facuta Deportivo inici\u00f3 la gira por Lima (Per\u00fa).<\/p>\n<p><strong>Hace 50 a\u00f1os:<\/strong> Julio de 1962. ..<br \/>\nA. 2 de julio: A las 4:00 p.m., fue sepultado el poeta Jorge Gait\u00e1n Dur\u00e1n.<br \/>\nB. 4 de julio: Fue secuestrado en San Antonio del T\u00e1chira, Antonio Yanekura, hijo del millonario japon\u00e9s nacionalizado en Venezuela, Antonio Yanekura. Pidieron 600.000 bol\u00edvares por su libertad. 48 horas despu\u00e9s, fue rescatado en C\u00facuta.<br \/>\nC. 6 de julio: Firmada el acta de constituci\u00f3n de la UFPS.<br \/>\nD. 9 de julio: En la avenida 6\u00aa entre calles 10 y 11, fue inaugurado el edificio del Banco Industrial Colombiano.<\/p>\n<p><strong>Hace 40 a\u00f1os:<\/strong> Julio de 1972\u2026<br \/>\nA. 4 de julio: Seg\u00fan el IGAC, los terrenos donde est\u00e1 ubicada La Rinconada, quedaron incluidos en el municipio de C\u00facuta.<br \/>\nB. 7 de julio: Inici\u00f3 la construcci\u00f3n del \u2018pasaje subterr\u00e1neo\u2019 por el puente \u2018El\u00edas M. Soto\u2019 con avenida Libertadores.<br \/>\nC. 17 de julio: Qued\u00f3 constituida la Liga de Gimnasia de Norte de Santander. El ICBF defini\u00f3 la construcci\u00f3n de su sede en la ciudad.<br \/>\nD. 29 de julio: Graciela Villa Lemus se gradu\u00f3 de Ingeniera Civil en la Universidad del Cauca. Fue la primera mujer cucute\u00f1a en alcanzar ese t\u00edtulo.<\/p>\n<p><strong>Hace 30 a\u00f1os:<\/strong> Julio de 1982\u2026<br \/>\nA. 1 de julio: Intervenido el Banco Nacional. Conmoci\u00f3n financiera en el pa\u00eds. La aerol\u00ednea \u2018ACES\u2019 inici\u00f3 vuelos a C\u00facuta.<br \/>\nB. 13 de julio: Comenz\u00f3 a llegar la maquinaria del Central Azucarero de Abaco (Bahamas), adquirida para el Central Azucarero del Zulia.<br \/>\nC. 20 de julio: La Sociedad Mutuo Auxilio de C\u00facuta, celebr\u00f3 el centenario de su fundaci\u00f3n. Juan Manuel Chirinos, ejerc\u00eda la presidencia. Firmado el convenio para la creaci\u00f3n de la Ciudadela del Calzado en C\u00facuta.<br \/>\nD. 15 de julio: Termina la construcci\u00f3n de la chimenea para el proyecto Termotasajero.<br \/>\nHace 20 a\u00f1os: Julio de 1992\u2026<br \/>\nA. 1 de julio: La Alcald\u00eda decret\u00f3 alza en el precio del kilo de carne, qued\u00f3 a $2.000.<br \/>\nB. 1 de julio: Entr\u00f3 en funcionamiento la Fiscal\u00eda General de la naci\u00f3n.<br \/>\nC. 4 de julio: Eliminada la planta de personal de la Imprenta departamental.<br \/>\nD. 4 de julio: Inaugurado el estadio de la licorera en el barrio Guaimaral.<br \/>\nE. 9 de julio: El Intra reglament\u00f3 el certificado de movilizaci\u00f3n para los veh\u00edculos de placa extranjera que circulan en C\u00facuta.<\/p>\n<p><strong>Hace 10 a\u00f1os:<\/strong> Julio de 2002\u2026<br \/>\nA. 4 de julio: El Comit\u00e9 Intergremial de N. de S., emprendi\u00f3 una cruzada para motivar la adopci\u00f3n de parques en la ciudad.<br \/>\nB. 5 de julio: Entregadas obras de remodelaci\u00f3n en la \u2018Toto\u2019 Hern\u00e1ndez. Los costos ascienden a $200 millones.<br \/>\nC. 15 de julio: La cucute\u00f1a Liseth Johana Orozco, obtuvo para Colombia, la medalla de oro en el Campeonato de Yudo, categor\u00eda 17 a\u00f1os, que se realiz\u00f3 en Brasilia.<br \/>\nD. 17 de julio: La primera dama de la naci\u00f3n, Nhora Puyana de Pastrana inaugur\u00f3 en el municipio de Santiago, la ludoteca \u2018Mundo de Ilusiones\u2019.<br \/>\n<strong>OTRAS EFEM\u00c9RIDES:<\/strong><br \/>\nHace 154 a\u00f1os, el 6 de julio de 1858. El presidente de la Confederaci\u00f3n Granadina, Mariano Ospina Rodr\u00edguez, cre\u00f3 mediante el Decreto 2467, el Juzgado Nacional de C\u00facuta.<br \/>\nHace 149 a\u00f1os, el 1\u00ba de julio de 1863. El Ayuntamiento Municipal de San Jos\u00e9 de C\u00facuta aprob\u00f3 el plano topogr\u00e1fico de la ciudad, realizado por el ingeniero venezolano Miguel Crespo.<br \/>\nHace 130 a\u00f1os, el 20 de julio de 1882. Fue fundada la Sociedad del Mutuo Auxilio.<br \/>\nHace 120 a\u00f1os, el 15 de julio de 1892. Mediante el Acuerdo 12, se compraron varios lotes para la construcci\u00f3n de la plazuela \u2018La Pola\u2019, popularmente llamada en la actualidad, parque Col\u00f3n. a Ley 25, cre\u00f3 el departamento Norte de Santander.<br \/>\nHace 102 a\u00f1os, el 10 de julio de 1910. Se cre\u00f3 la Asociaci\u00f3n de la prensa cucute\u00f1a\u2019. Presidente, Manuel Rodr\u00edguez Charry.<br \/>\nHace 91 a\u00f1os, el 12 de julio de 1921. Mediante el Acuerdo 14, fue creado el corregimiento Ricaurte, inicialmente llamado \u2018Mucujum\u2019.<br \/>\nHace 89 a\u00f1os, el 24 de julio de 1923. Inaugurado el monumento conocido como \u2018La Columna de Padilla\u2019.<br \/>\nHace 86 a\u00f1os, el 24 de julio de 1926. Inauguraci\u00f3n oficial del empalme entre los Ferrocarriles de C\u00facuta y el T\u00e1chira<br \/>\nHace 84 a\u00f1os, el 12 de julio de 1928. Creada la sucursal del Banco de Bogot\u00e1 en C\u00facuta. Primer gerente, Jorge Enrique Barco.<br \/>\nHace 79 a\u00f1os, el 24 de julio de 1933. Inaugurada la antigua C\u00e1rcel Modelo (frente al parque Antonia Santos).<br \/>\nHace 78 a\u00f1os, el 17 de julio de 1934. El Jurado electoral municipal de C\u00facuta, inici\u00f3 la expedici\u00f3n de c\u00e9dulas.<br \/>\nHace 76 a\u00f1os, el 20 de julio de 1936. Fundaci\u00f3n de la Gaceta Hist\u00f3rica, \u00f3rgano de difusi\u00f3n de la Academia de Historia de Norte de Santander.<br \/>\nHace 71 a\u00f1os, el 1\u00ba de julio de 1941. Inaugurado en el barrio Sevilla, el Moderno Matadero municipal.<br \/>\nHace 69 a\u00f1os, el 27 de julio de 1943. Inaugurado el Amparo de Ni\u00f1os.<br \/>\nHace 67 a\u00f1os, el 20 de julio de 1945. Dirigido por Montegranario S\u00e1nchez, circul\u00f3 por primera vez, el diario \u2018Sagitario\u2019.<br \/>\nHace 62 a\u00f1os, el 8 de julio de 1950. Un terremoto destruy\u00f3 a Arboledas y Cucutilla.<br \/>\nHace 59 a\u00f1os, el 16 de julio de 1953. Por iniciativa del sacerdote Rafael Garc\u00eda-Herreros, se fund\u00f3 la casa de los Carmelitas Descalzos en C\u00facuta. (Popularmente llamados, padres Carmelitas).<br \/>\nHace 41 a\u00f1os, el 9 de julio de 1971. Inaugurados los nuevos servicios y la planta f\u00edsica de la Cl\u00ednica Norte.<br \/>\nHace 26 a\u00f1os, el 26 de julio de 1986. Inaugurada la III etapa de El Malec\u00f3n. Incluye el teatro al aire libre \u2018Las Cascadas\u2019.<br \/>\nHace 25 a\u00f1os, el 16 de julio de 1987. El Presidente Virgilio Barco inaugur\u00f3 el edificio del Banco de la Rep\u00fablica e instal\u00f3 el Corpes Centro-Oriente.<br \/>\nHace 21 a\u00f1os, el 27 de julio de 1991. Inaugurado el acueducto de Los Patios, el cual tuvo un costo de $850 millones<\/p>\n<p><strong>B. Natalicios<\/strong><br \/>\n\u2022 19 de julio de 1861. Justo Rosas, fundador del peri\u00f3dico \u2018El Trabajo\u2019.<br \/>\n\u2022 28 de julio de 1866. Celso P\u00e9rez, compositor<br \/>\n\u2022 27 de julio de 1868. Alejo Amaya<br \/>\n\u2022 17 de julio de 1882. Pedro Felipe Lara<br \/>\n\u2022 31 de julio de 1919. Antonio Jos\u00e9 \u2018Toto\u2019 Hern\u00e1ndez<\/p>\n<p><strong>C. Fallecimientos<\/strong><br \/>\n\u2022 10 de julio de 1808. Don Juan Agust\u00edn Santander y Colmenares, padre del General Francisco de Paula Santander.<br \/>\n\u2022 21 de julio de 1911. Alejo Amaya<br \/>\n\u2022 17 de julio de 1941. El pedagogo Le\u00f3n Garc\u00eda-Herreros<br \/>\n\u2022 6 de julio de 1952. Jos\u00e9 Caracciolo Vega Hern\u00e1ndez (Jr.)<br \/>\n\u2022 12 de julio de 1962. Rafael Espinosa<br \/>\n\u2022 10 de julio de 1962. Don Tito Abbo<br \/>\n\u2022 6 de julio de 1978. Sacerdote Jos\u00e9 Manuel Calder\u00f3n<br \/>\n\u2022 14 de julio de 1988. Manuel Jos\u00e9 Vargas Dur\u00e1n<br \/>\n\u2022 10 de julio de 2000. Luis Uribe Bueno (m\u00fasico) <\/p>\n","protected":false},"excerpt":{"rendered":"<p>A. Efem\u00e9rides Hace 70 a\u00f1os: Julio de 1942\u2026 A. 4 de julio: El Alcalde decret\u00f3 la expropiaci\u00f3n de un terreno para la construcci\u00f3n del barrio Popular. B. 11 de julio: Inauguraron en Pamplona los nuevos Cuarteles y la sede del colegio Provincial San Jos\u00e9. C. 14 de julio: Con la presencia del Ministro de Correos, &hellip;<\/p>\n","protected":false},"author":1,"featured_media":13640,"comment_status":"open","ping_status":"open","sticky":false,"template":"","format":"standard","meta":{"footnotes":""},"categories":[403],"tags":[],"class_list":["post-13605","post","type-post","status-publish","format-standard","has-post-thumbnail","hentry","category-efemerides"],"_links":{"self":[{"href":"https:\/\/contraluzcucuta.co\/index.php?rest_route=\/wp\/v2\/posts\/13605","targetHints":{"allow":["GET"]}}],"collection":[{"href":"https:\/\/contraluzcucuta.co\/index.php?rest_route=\/wp\/v2\/posts"}],"about":[{"href":"https:\/\/contraluzcucuta.co\/index.php?rest_route=\/wp\/v2\/types\/post"}],"author":[{"embeddable":true,"href":"https:\/\/contraluzcucuta.co\/index.php?rest_route=\/wp\/v2\/users\/1"}],"replies":[{"embeddable":true,"href":"https:\/\/contraluzcucuta.co\/index.php?rest_route=%2Fwp%2Fv2%2Fcomments&post=13605"}],"version-history":[{"count":2,"href":"https:\/\/contraluzcucuta.co\/index.php?rest_route=\/wp\/v2\/posts\/13605\/revisions"}],"predecessor-version":[{"id":13641,"href":"https:\/\/contraluzcucuta.co\/index.php?rest_route=\/wp\/v2\/posts\/13605\/revisions\/13641"}],"wp:featuredmedia":[{"embeddable":true,"href":"https:\/\/contraluzcucuta.co\/index.php?rest_route=\/wp\/v2\/media\/13640"}],"wp:attachment":[{"href":"https:\/\/contraluzcucuta.co\/index.php?rest_route=%2Fwp%2Fv2%2Fmedia&parent=13605"}],"wp:term":[{"taxonomy":"category","embeddable":true,"href":"https:\/\/contraluzcucuta.co\/index.php?rest_route=%2Fwp%2Fv2%2Fcategories&post=13605"},{"taxonomy":"post_tag","embeddable":true,"href":"https:\/\/contraluzcucuta.co\/index.php?rest_route=%2Fwp%2Fv2%2Ftags&post=13605"}],"curies":[{"name":"wp","href":"https:\/\/api.w.org\/{rel}","templated":true}]}}