{"id":13603,"date":"2012-08-16T14:34:32","date_gmt":"2012-08-16T19:34:32","guid":{"rendered":"http:\/\/contraluzcucuta.co\/?p=13603"},"modified":"2012-08-16T22:08:46","modified_gmt":"2012-08-17T03:08:46","slug":"efemerides-cucutenas-junio","status":"publish","type":"post","link":"https:\/\/contraluzcucuta.co\/?p=13603","title":{"rendered":"EFEM\u00c9RIDES CUCUTE\u00d1AS: Junio"},"content":{"rendered":"<p><strong>A. Efem\u00e9rides<\/strong><br \/>\n<strong>Hace 70 a\u00f1os:<\/strong> Junio de 1942\u2026<br \/>\nA. 2 de junio: Con la participaci\u00f3n de Maruja Garc\u00eda-Herreros, Eddy Gandica, Adela Abbo Fontana y Stella Garbiras, se realiz\u00f3 el primer reinado estudiantil en la ciudad.<br \/>\nB. 4 de junio: Seg\u00fan el gerente de la Compa\u00f1\u00eda El\u00e9ctrica del Norte, el municipio de C\u00facuta le adeuda desde 1932, $4.300.<br \/>\nC. 10 de junio: El peri\u00f3dico \u2018Sagitario\u2019 inform\u00f3 en primera p\u00e1gina que \u2018los carros oficiales hacen viajes con particulares a otros municipios\u2019\u2026 sin autorizaci\u00f3n.<br \/>\nD. 16 de junio: El alcalde de C\u00facuta Marco Fidel Colmenares, dict\u00f3 auto de detenci\u00f3n contra el periodista Ram\u00f3n C\u00e1rdenas Silva, director de \u2018El F\u00edgaro\u2019.<\/p>\n<p><strong>Hace 60 a\u00f1os:<\/strong> Junio de 1952\u2026<br \/>\nA. 7 de junio: Comit\u00e9 Pro-Paz se instal\u00f3 en C\u00facuta.<br \/>\nB. 14 de junio: El maestro Rito Mantilla asumi\u00f3 la direcci\u00f3n de la banda departamental.<br \/>\nC. 18 de junio: La empresa Texas Petroleum Company inici\u00f3 la b\u00fasqueda de petr\u00f3leo en el cerro de Tasajero.<br \/>\nD. 24 de junio: El peri\u00f3dico \u2018Comentarios\u2019 cumpli\u00f3 30 a\u00f1os de servicio.<\/p>\n<p><strong>Hace 50 a\u00f1os:<\/strong> Junio de 1962. ..<br \/>\nA. 3 de junio: Colombia y Rusia empataron 4-4, en cumplimiento de una fecha m\u00e1s del Campeonato Mundial de F\u00fatbol que se realiz\u00f3 en Chile. El cucute\u00f1o Rolando Serrano L\u00e1zaro integr\u00f3 el medio campo colombiano.<br \/>\nB. 7 de junio: Colombia 0 \u2013 Yugoslavia 5, fue el marcador final del \u00faltimo partido jugado por el seleccionado nacional en Chile. A pesar de la derrota, Rolando Serrano sobresali\u00f3 por la marca ejercida contra el estelar Dragoslak Sekuralac.<br \/>\nC. 8 de junio: Cicer\u00f3n Fl\u00f3rez fue elegido presidente del Ateneo del Norte.<br \/>\nD. 22 de junio: En un accidente a\u00e9reo falleci\u00f3 el poeta Jorge Gait\u00e1n Dur\u00e1n.<\/p>\n<p><strong>Hace 40 a\u00f1os:<\/strong> Junio de 1972\u2026<br \/>\nA. 1 de junio: Se cre\u00f3 la Asociaci\u00f3n de Agentes de Aduana de C\u00facuta. Jorge S\u00e1nchez, primer presidente.<br \/>\nB. 13 de junio: Fue creado el Comit\u00e9 de Damas Grises de la Cruz Roja de Norte de Santander. Stella de Misas, presidente; Gladys de Guerrero, vicepresidente; Anita Uribe de Pinz\u00f3n, secretaria, y Rosita de Luzardo, coordinadora general.<br \/>\nC. 23 de junio: El pamplon\u00e9s Jaime Parra Ram\u00edrez, primer Almirante de Colombia, fue condecorado con la Orden \u2018Francisco de Paula Santander\u2019.<br \/>\nD. 26 de junio: Contrajeron matrimonio H\u00e9ctor Casas Molina y Eleonora Barrera Gandica, premio Coltejer a la mejor bachiller de N. de S. en 1964.<\/p>\n<p><strong>Hace 30 a\u00f1os:<\/strong> Junio de 1982\u2026<br \/>\nA. 1 de junio: Turbay Ayala reconoci\u00f3 el triunfo de Belisario Betancourt como Presidente de Colombia. En N. de S. logr\u00f3 135.865 votos.<br \/>\nB. 1 de junio: Fue legalizado el juego del \u2018chance\u2019 en C\u00facuta.<br \/>\nC. 7 de junio: La Opini\u00f3n inici\u00f3 la transmisi\u00f3n de Radio-Fotos y Tele-Fotos.<br \/>\nD. 15 de junio: Qued\u00f3 listo para funcionar, el Centro Oncol\u00f3gico para medicina nuclear, obra realizada por la Liga contra el c\u00e1ncer.<br \/>\nE. 23 de junio: La Central de Abastos de C\u00facuta compr\u00f3 un lote de 22 hect\u00e1reas para construir la sede.<\/p>\n<p><strong>Hace 20 a\u00f1os:<\/strong> Junio de 1992\u2026<br \/>\nA. 1 de junio: Enrique Cuadros Corredor al igual que otros 37 alcaldes asumieron sus cargos en el departamento.<br \/>\nB. 5 de junio: Fue aprobado el programa acad\u00e9mico de Administraci\u00f3n de Empresas (Nocturna), en la UFPS.<br \/>\nC. 13 de junio: Con el nombre de San Jos\u00e9 de C\u00facuta, Avianca bautiz\u00f3 uno de sus nuevos aviones.<br \/>\nD. 11 de junio: Con el nombre de edificio \u2018Santander\u2019 fue inaugurada la Oficina de Registros P\u00fablicos de C\u00facuta. Est\u00e1 ubicado en la avenida 0, entre calles 9 y 10.<br \/>\nE. 18 de junio: Fue practicada en la Cl\u00ednica Norte, la primera ces\u00e1rea en Latinoam\u00e9rica con utilizaci\u00f3n de \u2018grapas\u2019 absorbibles de polisorb.<\/p>\n<p><strong>Hace 10 a\u00f1os:<\/strong> Junio de 2002\u2026<br \/>\nA. 1 de junio: Para despertar el inter\u00e9s de la comunidad por la ciudad, los clubes Rotarios organizaron el \u2018tercio\u2019 de marat\u00f3n \u2018Ciudad de C\u00facuta\u2019.<br \/>\nB. 8 de junio: Con una marcha por las principales calles de la ciudad, se celebr\u00f3 el centenario de la consagraci\u00f3n de Colombia al Sagrado Coraz\u00f3n de Jes\u00fas.<br \/>\nC. 13 de junio: Marta Luc\u00eda Ram\u00edrez fue designada la primera mujer Ministra de Defensa.<br \/>\nD. 17 de junio: Seg\u00fan el nuevo C\u00f3digo Nacional de Tr\u00e1nsito, multa de $206.000, a los conductores que manejando, hablen por celular.<br \/>\nE. 21 de junio: Andrea Paola Herrera Solano, candidata por Chin\u00e1cota, fue elegida Se\u00f1orita N. de S. Seis d\u00edas despu\u00e9s, fue destronada por haber participado el a\u00f1o anterior en el reinado departamental de Santander. En su reemplazo fue elegida la Primera Princesa, Patricia Arango. La virreina fue \u2018objetada\u2019 por la organizaci\u00f3n del reinado en Cartagena.<br \/>\nF. 29 de junio. La edici\u00f3n 52 de la Vuelta a Colombia, parti\u00f3 de C\u00facuta. El ciclista cucute\u00f1o \u00c1lvaro Lozano, fue el m\u00e1s veterano de la competencia.<br \/>\n<strong>OTRAS EFEM\u00c9RIDES:<\/strong><\/p>\n<p>Hace 451 a\u00f1os, el 10 de junio de 1561. Primera concesi\u00f3n de tierras en el valle de C\u00facuta.<\/p>\n<p>Hace 279 a\u00f1os, el 17 de junio de 1733. Fundaci\u00f3n de C\u00facuta.<\/p>\n<p>Hace 132 a\u00f1os, el 1\u00ba de junio de 1880. Fue fundado el Club Comercio.<\/p>\n<p>Hace 118 a\u00f1os, el 10 de junio de 1894. La \u2018Banda Progreso\u2019 interpret\u00f3 por primera vez, el bambuco \u2018Brisas del Pamplonita\u2019.<\/p>\n<p>Hace 112 a\u00f1os, el 10 de junio de 1900. Se dio inicio al Sitio de C\u00facuta.<\/p>\n<p>Hace 90 a\u00f1os, el 24 de junio de 1922. Don Jos\u00e9 Manuel Villalobos fund\u00f3 el peri\u00f3dico \u2018Comentarios\u2019.<br \/>\nHace 85 a\u00f1os, el 18 de junio de 1927. Fue creada la \u2018Confederaci\u00f3n Obrera\u2019. Don Marcos Contreras, primer Director.<\/p>\n<p>Hace 81 a\u00f1os, el 13 de junio de 1931. Bendici\u00f3n de la primera piedra de la iglesia San Antonio de C\u00facuta.<\/p>\n<p>Hace 80 a\u00f1os, el 6 de junio de 1932. Fue creada un sucursal de la Caja de Cr\u00e9dito Agrario y Minero. El primer gerente fue don Francisco Pe\u00f1aranda Arenas.<\/p>\n<p>Hace 73 a\u00f1os, el 13 de junio de 1939. Fue creada la Escuela Departamental de M\u00fasica.<\/p>\n<p>Hace 66 a\u00f1os, el 2 de junio de 1946. Fue inaugurado el Estadio Francisco de Paula Santander de C\u00facuta.<br \/>\nHace 63 a\u00f1os, el 17 de junio de 1949. Fue creada la Sociedad de Ingenieros de Norte de Santander.<br \/>\n<strong>B. Natalicios<\/strong><br \/>\n5 de junio de 1889. Arturo Villamizar Berti.<br \/>\n18 de junio de 1875. Josefa Andrade Berti \u2018Hulda\u2019<br \/>\n21 de junio de 1880. Luis Febres-Cordero<br \/>\n3 de junio de 1918. Pbro. Manuel Brice\u00f1o Ja\u00faregui<br \/>\n10 de junio de 1837. Magrario Quintero, el m\u00e9dico de los oca\u00f1eros.<br \/>\n13 de junio de 1896. El padre Rafael Far\u00eda.<br \/>\n15 de junio de 1903. Dr. Augusto Mart\u00ednez.<br \/>\n26 de junio de 1938. El canta autor nortesantandereano Arnulfo Brice\u00f1o Contreras<\/p>\n<p><strong>C. Fallecimientos<\/strong><br \/>\n1\u00ba de junio de 1918. Dr. Erasmo Meoz.<br \/>\n2 de junio de 1992. Jos\u00e9 Ignacio Rangel, ex alcalde de Los Patios.<br \/>\n28 de junio de 1959. Monse\u00f1or Luis P\u00e9rez Hern\u00e1ndez.<br \/>\n1 de junio de 1965. Enrique Pardo Farelo, m\u00e1s conocido como Luis Tablanca.<br \/>\n9 de junio de 1949. Amelia Meoz de Soto, esposa de don Rudesindo Soto<br \/>\n20 de junio de 1950. El historiador oca\u00f1ero Luis Eduardo P\u00e1ez Courvel<br \/>\n22 de junio de 1962. El poeta Jorge Gait\u00e1n Dur\u00e1n<br \/>\n27 de junio de 1970. Leonor Duplat Sanjuan<br \/>\n30 de junio de 1941. Don Rudesindo Soto <\/p>\n","protected":false},"excerpt":{"rendered":"<p>A. Efem\u00e9rides Hace 70 a\u00f1os: Junio de 1942\u2026 A. 2 de junio: Con la participaci\u00f3n de Maruja Garc\u00eda-Herreros, Eddy Gandica, Adela Abbo Fontana y Stella Garbiras, se realiz\u00f3 el primer reinado estudiantil en la ciudad. B. 4 de junio: Seg\u00fan el gerente de la Compa\u00f1\u00eda El\u00e9ctrica del Norte, el municipio de C\u00facuta le adeuda desde &hellip;<\/p>\n","protected":false},"author":1,"featured_media":13636,"comment_status":"open","ping_status":"open","sticky":false,"template":"","format":"standard","meta":{"footnotes":""},"categories":[403],"tags":[],"class_list":["post-13603","post","type-post","status-publish","format-standard","has-post-thumbnail","hentry","category-efemerides"],"_links":{"self":[{"href":"https:\/\/contraluzcucuta.co\/index.php?rest_route=\/wp\/v2\/posts\/13603","targetHints":{"allow":["GET"]}}],"collection":[{"href":"https:\/\/contraluzcucuta.co\/index.php?rest_route=\/wp\/v2\/posts"}],"about":[{"href":"https:\/\/contraluzcucuta.co\/index.php?rest_route=\/wp\/v2\/types\/post"}],"author":[{"embeddable":true,"href":"https:\/\/contraluzcucuta.co\/index.php?rest_route=\/wp\/v2\/users\/1"}],"replies":[{"embeddable":true,"href":"https:\/\/contraluzcucuta.co\/index.php?rest_route=%2Fwp%2Fv2%2Fcomments&post=13603"}],"version-history":[{"count":2,"href":"https:\/\/contraluzcucuta.co\/index.php?rest_route=\/wp\/v2\/posts\/13603\/revisions"}],"predecessor-version":[{"id":13637,"href":"https:\/\/contraluzcucuta.co\/index.php?rest_route=\/wp\/v2\/posts\/13603\/revisions\/13637"}],"wp:featuredmedia":[{"embeddable":true,"href":"https:\/\/contraluzcucuta.co\/index.php?rest_route=\/wp\/v2\/media\/13636"}],"wp:attachment":[{"href":"https:\/\/contraluzcucuta.co\/index.php?rest_route=%2Fwp%2Fv2%2Fmedia&parent=13603"}],"wp:term":[{"taxonomy":"category","embeddable":true,"href":"https:\/\/contraluzcucuta.co\/index.php?rest_route=%2Fwp%2Fv2%2Fcategories&post=13603"},{"taxonomy":"post_tag","embeddable":true,"href":"https:\/\/contraluzcucuta.co\/index.php?rest_route=%2Fwp%2Fv2%2Ftags&post=13603"}],"curies":[{"name":"wp","href":"https:\/\/api.w.org\/{rel}","templated":true}]}}