{"id":13601,"date":"2012-08-16T14:32:20","date_gmt":"2012-08-16T19:32:20","guid":{"rendered":"http:\/\/contraluzcucuta.co\/?p=13601"},"modified":"2012-08-16T22:08:11","modified_gmt":"2012-08-17T03:08:11","slug":"efemerides-cucutenas-mayo","status":"publish","type":"post","link":"https:\/\/contraluzcucuta.co\/?p=13601","title":{"rendered":"EFEM\u00c9RIDES CUCUTE\u00d1AS: Mayo"},"content":{"rendered":"<p><strong>A. Efem\u00e9rides<\/strong><br \/>\n<strong>Hace 70 a\u00f1os:<\/strong> Mayo de 1942\u2026<br \/>\nA. 1\u00ba de mayo: Alfonso L\u00f3pez Pumarejo fue elegido Presidente de Colombia. En C\u00facuta obtuvo 5.872 votos.<br \/>\nB. 9 de mayo: Inici\u00f3 labores la Escuela Superior de Comercio del Colegio San Jos\u00e9 de C\u00facuta, ubicado en la calle 6 N\u00ba 8-89.<br \/>\nC. 16 de mayo: La Compa\u00f1\u00eda del Ferrocarril de C\u00facuta anunci\u00f3 que desde la fecha qued\u00f3 suspendido el servicio de auto ferros-correos por la v\u00eda a Maracaibo.<br \/>\nD. 21 de mayo: Por Decreto Ejecutivo 1031 del 21 de abril de 1942, la C\u00e1rcel Modelo de C\u00facuta fue elevada a la categor\u00eda de Penitenciar\u00eda del Circuito Judicial.<\/p>\n<p><strong>Hace 60 a\u00f1os:<\/strong> Mayo de 1952\u2026<br \/>\nA. 1 de mayo: Encabezada por el hombre de letras Enrique Pardo Farelo, se instal\u00f3 en el municipio de El Carmen la junta pro \u2013 aeropuerto.<br \/>\nB. 3 de mayo: El joven basquetbolista cucute\u00f1o Alfredo D\u00edaz, fue declarado el mejor jugador del Campeonato Nacional de Baloncesto realizado en Medell\u00edn.<br \/>\nC. 5 de mayo: La empresa Taxi-A\u00e9reo de Norte de Santander inici\u00f3 servicios a Petr\u00f3lea, Tib\u00fa y Oca\u00f1a.<br \/>\nD. 25 de mayo: El C\u00facuta Deportivo gole\u00f3 al Atl\u00e9tico Bucaramanga 5 \u2013 0. Los goles \u2018motilones\u2019 fueron anotados por Villaverde (2), Abraham Gonz\u00e1lez, Zapira\u00edn y Sacco (1).<\/p>\n<p><strong>Hace 50 a\u00f1os:<\/strong> Mayo de 1962. ..<br \/>\nA. 5 de mayo: A partir de la fecha La Opini\u00f3n atender\u00e1 a sus clientes y amigos en la l\u00ednea telef\u00f3nica 8591.<br \/>\nB. 6 de mayo: Guillermo Le\u00f3n Valencia fue elegido Presidente de Colombia. En el departamento logr\u00f3 53.877 votos y en C\u00facuta, 12.848.<br \/>\nC. 15 de mayo: El Ateneo del Norte inici\u00f3 labores.<br \/>\nD. 30 de mayo: Primer partido del seleccionado nacional en el Campeonato Mundial que se realiz\u00f3 en Arica (Chile). Perdi\u00f3 con Uruguay 2 \u2013 1. El cucute\u00f1o Rolando Serrano integra el equipo nacional. OJO: Junio 3, partido con Rusia 4-4, y jug\u00f3 Serrano.<\/p>\n<p><strong>Hace 40 a\u00f1os:<\/strong> Mayo de 1972\u2026<br \/>\nA. 1 de mayo: Confirmada la mayor\u00eda liberal en el Concejo de C\u00facuta. Carlos Celis Carrillo (13.044 votos) fue el mayor elector.<br \/>\nB. 2 de mayo: Entr\u00f3 a regir en la ciudad el nuevo Registro Civil. Novedades: Huella plantal y asignaci\u00f3n de un n\u00famero de por vida.<br \/>\nC. 4 de mayo: La Liga contra el C\u00e1ncer adquiri\u00f3 una casa en la calle 12 N\u00ba2-34, donde empezar\u00e1 a funcionar.<br \/>\nD. 8 de mayo: Antonio Cervantes \u2018Kid Pambel\u00e9\u2019 visit\u00f3 la ciudad y realiz\u00f3 varias jornadas de exhibici\u00f3n con deportistas de la liga de Boxeo local.<br \/>\nE. 16 de mayo: El canta autor Jorge Villamil visit\u00f3 la ciudad y en charla con La Opini\u00f3n anunci\u00f3 que est\u00e1 preparando un canto a la ciudad que se llamar\u00e1 \u2018Port\u00f3n de la Frontera\u2019.<br \/>\nF. 19 de mayo: Proexpo abri\u00f3 oficinas en la ciudad. El primer director fue Jos\u00e9 Neira Rey.<br \/>\nG. 31 de mayo: La Chevrom Petroleum Company of Colombia inici\u00f3 la perforaci\u00f3n del pozo \u2018Chibagra\u2019 N\u00ba 1\u2019, en el \u00e1rea del cerro Tasajero.<\/p>\n<p><strong>Hace 30 a\u00f1os:<\/strong> Mayo de 1982\u2026<br \/>\nA. 11 de mayo: El industrial Carlos Uribe peralta anunci\u00f3 el montaje de una moderna planta de cer\u00e1mica para pisos en C\u00facuta. Se denominar\u00e1, Cer\u00e1mica El Zulia.<br \/>\nB. 12 de mayo: De acuerdo con el fallo del Consejo de Estado, los Comunicadores Sociales NO son periodistas.<br \/>\nC. 13 de mayo: Por primera vez se instal\u00f3 el Consejo Departamental de Planeaci\u00f3n.<br \/>\nD. 20 de mayo: En el kart\u00f3dromo \u2018Gambal\u00fa\u2019 (Kil\u00f3metro 46, v\u00eda a Pamplona, corregimiento El Diamante), se desarroll\u00f3 la Primera v\u00e1lida del campeonato nacional de ese deporte.<br \/>\nE. 30 de mayo: Belisario Betancurt fue elegido Presidente de Colombia. En C\u00facuta obtuvo 39. 970 votos.<\/p>\n<p><strong>Hace 20 a\u00f1os:<\/strong> Mayo de 1992\u2026<br \/>\nA. 1 de mayo: El viernes 1 de mayo a las 12:00 de la noche, se adelantaron una hora los relojes en el pa\u00eds. El acto fue transmitido por T.V.<br \/>\nB. 11 de mayo: La Escuela de Enfermer\u00eda de la UFPS, cumpli\u00f3 20 a\u00f1os de servicio.<br \/>\nC. 16 de mayo: Comenz\u00f3 la demolici\u00f3n del puente \u2018Ara\u00fajo\u2019.<br \/>\nD. 17 de mayo: Despu\u00e9s de 26 a\u00f1os de no obtener victoria en el estadio El Camp\u00edn de Bogot\u00e1, el C\u00facuta Deportivo venci\u00f3 a Millonarios 3 \u2013 2.<br \/>\nE. 24 de mayo: Fue inaugurado el acueducto de Chin\u00e1cota.<br \/>\nF. 27 de mayo: El HIMAT entreg\u00f3 el manejo del Distrito de riego de El Zulia a la Asociaci\u00f3n de Usuarios.<\/p>\n<p><strong>Hace 10 a\u00f1os:<\/strong> Mayo de 2002\u2026<br \/>\nA. 1 de mayo: El ciclista nortesantandereano Hernando Romero logr\u00f3 la medalla de plata en la prueba de ruta en el Campeonato Nacional que se disput\u00f3 en Medell\u00edn.<br \/>\nB. 5 de mayo: Flipper, Sissy y Willy, los delfines del Sea Aquarium de Miami est\u00e1n de gira en C\u00facuta.<br \/>\nC. 8 de mayo: La Columna de la Libertad de los Esclavos fue declarada Bien de Inter\u00e9s Cultural de car\u00e1cter nacional por el Consejo Nacional de Monumentos.<br \/>\nD. 21 de mayo: Po disposici\u00f3n nacional, desde el 16 de junio, el Instituto de Hidrolog\u00eda, Meterolog\u00eda y Estudios Ambientales (Ideam), dejar\u00e1 de funcionar en la ciudad. Las dependencias fueron trasladas a Bucaramanga.<br \/>\nE. 26 de mayo: \u00c1lvaro Uribe V\u00e9lez fue elegido Presidente de Colombia.<br \/>\n<strong>OTRAS EFEM\u00c9RIDES:<\/strong><\/p>\n<p>Hace 219 a\u00f1os, el 6 de mayo de 1793. Primera sesi\u00f3n del Primer Cabildo cucute\u00f1o. Don Nicol\u00e1s Antonio Rangel, alcalde ordinario.<\/p>\n<p>Hace 137 a\u00f1os, el 18 de mayo de 1875. Un terremoto destruy\u00f3 a C\u00facuta<\/p>\n<p>Hace 123 a\u00f1os, el 12 de mayo de 1889. Se puso la primera piedra del templo de San Jos\u00e9. Fue tra\u00edda a pie de la vecina poblaci\u00f3n de San Antonio del T\u00e1chira.<\/p>\n<p>Hace 84 a\u00f1os, el 1\u00ba de mayo de 1928. Fue inaugurada la Cl\u00ednica Infantil, dependencia del Hospital San Juan de Dios de C\u00facuta.<\/p>\n<p>Hace 75 a\u00f1os, el 15 de mayo de 1937. Fue creado el Instituto de Correcci\u00f3n y Protecci\u00f3n de Menores, mejor conocido como el Reformatorio de Menores.<\/p>\n<p>Hace 72 a\u00f1os, el 6 de mayo de 1940. Fueron inaugurados el Edificio Santander (Palacio Nacional) y el Manicomio (Hospital Mental \u2018Rudesindo Soto\u2019).<\/p>\n<p>Hace 71 a\u00f1os, el 13 de mayo de 1941. Fue creada la Asociaci\u00f3n de Tip\u00f3grafos de C\u00facuta. Reemplaz\u00f3 la Casa del Tip\u00f3grafo, creada en 1934.<\/p>\n<p>Hace 62 a\u00f1os, el 5 de mayo de 1950. La Sociedad de Mejoras P\u00fablicas de C\u00facuta, organiz\u00f3 la Junta de Parques y Arborizaci\u00f3n.<\/p>\n<p>Hace 62 a\u00f1os, el 18 de mayo de 1950. En el 75 aniversario del Terremoto de C\u00facuta, fue coronada solemnemente la imagen de Nuestra Se\u00f1ora de C\u00facuta.<\/p>\n<p>Hace 62 a\u00f1os, el 20 de mayo de 1950. Fue inaugurado el \u2018Hogar de la Joven\u2019, m\u00e1s conocido como \u2018La Casita\u2019.<\/p>\n<p>Hace 58 a\u00f1os, el 6 de mayo de 1954. Con la pel\u00edcula \u2018Mi amor brasile\u00f1o\u2019 fue inaugurado el teatro Mercedes.<\/p>\n<p>Hace 56 a\u00f1os, el 29 de mayo de 1956. Erigida la Di\u00f3cesis de C\u00facuta.<\/p>\n<p>Hace 54 a\u00f1os, el 31 de mayo de 1958. Inici\u00f3 como semanario \u2018La Opini\u00f3n\u2019. Dirigido por Alirio S\u00e1nchez Mendoza y Eustorgio Colmenares Baptista, gerente. Cicer\u00f3n Fl\u00f3rez Moya, Jefe de Redacci\u00f3n.<\/p>\n<p>Hace 49 a\u00f1os, el 1\u00ba de mayo de 1963. En desarrollo de la Ley 79 del 17 de diciembre de 1962, se instal\u00f3 el Tribunal Superior del Distrito Judicial de C\u00facuta.<br \/>\n<strong>B. Natalicios<\/strong><br \/>\n27 de mayo de 1780. General Pedro Fortoul<br \/>\n24 de mayo 1851. Ram\u00f3n Gonz\u00e1lez Valencia<br \/>\n24 de mayo de 1863. Pbro. Raimundo Ord\u00f3\u00f1ez Y\u00e1\u00f1ez<br \/>\n8 de mayo de 1896. Benito Hern\u00e1ndez Bustos<br \/>\n13 de mayo de 1912. Pablo Tarazona Prada<br \/>\n15 de mayo de 1944. Alfonso Lobo Amaya<br \/>\n14 de mayo de 1964. \u00c1lvaro Lozano<br \/>\n23 de mayo de 1973. Alexander Rangel Pineda<br \/>\n<strong>C. Fallecimientos<\/strong><br \/>\n24 de mayo de 1907. Manuel Antonio Rueda Jara<br \/>\n1 de mayo de 1911. Pbro. Numa J. Calderer\u00f3n<br \/>\n20 de mayo de 1945. Carlos Luis J\u00e1come, conocido como \u2018Charles Jackson\u2019<br \/>\n28 de mayo de 1953. Pbro. Demetrio Mendoza<br \/>\n27 de mayo de 1955. Don Manuel Guillermo Cabrera<br \/>\n13 de mayo de 1975. Benjam\u00edn Herrera, m\u00fasico<br \/>\n20 de mayo de 1997. Virgilio Barco Vargas <\/p>\n","protected":false},"excerpt":{"rendered":"<p>A. Efem\u00e9rides Hace 70 a\u00f1os: Mayo de 1942\u2026 A. 1\u00ba de mayo: Alfonso L\u00f3pez Pumarejo fue elegido Presidente de Colombia. En C\u00facuta obtuvo 5.872 votos. B. 9 de mayo: Inici\u00f3 labores la Escuela Superior de Comercio del Colegio San Jos\u00e9 de C\u00facuta, ubicado en la calle 6 N\u00ba 8-89. C. 16 de mayo: La Compa\u00f1\u00eda &hellip;<\/p>\n","protected":false},"author":1,"featured_media":13633,"comment_status":"open","ping_status":"open","sticky":false,"template":"","format":"standard","meta":{"footnotes":""},"categories":[403],"tags":[],"class_list":["post-13601","post","type-post","status-publish","format-standard","has-post-thumbnail","hentry","category-efemerides"],"_links":{"self":[{"href":"https:\/\/contraluzcucuta.co\/index.php?rest_route=\/wp\/v2\/posts\/13601","targetHints":{"allow":["GET"]}}],"collection":[{"href":"https:\/\/contraluzcucuta.co\/index.php?rest_route=\/wp\/v2\/posts"}],"about":[{"href":"https:\/\/contraluzcucuta.co\/index.php?rest_route=\/wp\/v2\/types\/post"}],"author":[{"embeddable":true,"href":"https:\/\/contraluzcucuta.co\/index.php?rest_route=\/wp\/v2\/users\/1"}],"replies":[{"embeddable":true,"href":"https:\/\/contraluzcucuta.co\/index.php?rest_route=%2Fwp%2Fv2%2Fcomments&post=13601"}],"version-history":[{"count":2,"href":"https:\/\/contraluzcucuta.co\/index.php?rest_route=\/wp\/v2\/posts\/13601\/revisions"}],"predecessor-version":[{"id":13634,"href":"https:\/\/contraluzcucuta.co\/index.php?rest_route=\/wp\/v2\/posts\/13601\/revisions\/13634"}],"wp:featuredmedia":[{"embeddable":true,"href":"https:\/\/contraluzcucuta.co\/index.php?rest_route=\/wp\/v2\/media\/13633"}],"wp:attachment":[{"href":"https:\/\/contraluzcucuta.co\/index.php?rest_route=%2Fwp%2Fv2%2Fmedia&parent=13601"}],"wp:term":[{"taxonomy":"category","embeddable":true,"href":"https:\/\/contraluzcucuta.co\/index.php?rest_route=%2Fwp%2Fv2%2Fcategories&post=13601"},{"taxonomy":"post_tag","embeddable":true,"href":"https:\/\/contraluzcucuta.co\/index.php?rest_route=%2Fwp%2Fv2%2Ftags&post=13601"}],"curies":[{"name":"wp","href":"https:\/\/api.w.org\/{rel}","templated":true}]}}