{"id":13599,"date":"2012-08-16T14:30:19","date_gmt":"2012-08-16T19:30:19","guid":{"rendered":"http:\/\/contraluzcucuta.co\/?p=13599"},"modified":"2012-08-16T22:07:25","modified_gmt":"2012-08-17T03:07:25","slug":"efemerides-cucutenas-abril","status":"publish","type":"post","link":"https:\/\/contraluzcucuta.co\/?p=13599","title":{"rendered":"EFEM\u00c9RIDES CUCUTE\u00d1AS: Abril"},"content":{"rendered":"<p><strong>A. Efem\u00e9rides<\/strong><br \/>\n<strong>Hace 70 a\u00f1os:<\/strong> Abril de 1942\u2026<br \/>\nA. 1\u00ba de abril: Por primera vez en Colombia, el ajedrecista Ren\u00e9 Pratt, se enfrent\u00f3 con una benda en los ojos, en simult\u00e1nea con 8 contadores, a beneficio del C\u00edrculo de Ajedrez \u2018C\u00facuta\u2019.<br \/>\nB. 6 de abril: Fue inaugurado el Edificio El Tr\u00f3pico en la Avenida 7\u00aa con Calle 12; los propietarios fueron el Consorcio Agr\u00edcola e Industrial del Norte S.A.<br \/>\nC. 8 de abril: Luis F. D\u00e1vila, presidente del Concejo de C\u00facuta, le pidi\u00f3 al Presidente Eduardo Santos, el cumplimiento de las cuotas mensuales ($60.000) para la construcci\u00f3n del Palacio Municipal.<br \/>\nD. 29 de abril: La planta refrigeradora de leche, de propiedad del doctor Luis Francisco Guerrero, fue declarada de Beneficio Social, mediante la Resoluci\u00f3n #7 del 27 de abril de 1942.<br \/>\n<strong>Hace 60 a\u00f1os:<\/strong> Abril de 1952\u2026<br \/>\nA. 3 de abril: Aero Taxi del Norte Ltda., ubicada en la Calle 10 # 3-22, anunci\u00f3 \u201cPaseos sobre la ciudad y vuelos de cortes\u00eda\u201d, con motivo de la inauguraci\u00f3n de los vuelos en el campo San Luis.<br \/>\nB. 6 de abril: La Liga Nortesantandereana de Ciclismo dio inicio a la prueba \u2018Vuelta a Ure\u00f1a\u2019 bajo la direcci\u00f3n del entrenador argentino Roberto Guerrero.<br \/>\nC. 19 de abril: Se promociona el partido entre el C\u00facuta Deportivo y el Deportivo Pereira, que se jugar\u00eda a las 3:30 p.m., en el General Santander, con la locuci\u00f3n de Gilberto Maldonado Moreno.<br \/>\nD. 30 de abril: Los Hermanos Cristianos realizaron un bazar para ayudarse en la construcci\u00f3n de la Escuela en el barrio Rosetal, Calle 6\u00aa con Avenida 1\u00aa Este.<br \/>\n<strong>Hace 50 a\u00f1os:<\/strong> Abril de 1962. ..<br \/>\nA. 4 de abril: En acto retransmitido por Radio Guaimaral, el distinguido joven Cicer\u00f3n Fl\u00f3rez, del peri\u00f3dico La Opini\u00f3n, ofreci\u00f3 una lectura de poemas dentro de las actividades de la Feria del Libro.<br \/>\nB. 10 de abril: Por primera vez se celebra, el D\u00eda de la Mujer, por Decreto del Gobierno Nacional.<br \/>\nC. 14 de abril: El arquitecto Humberto Gonz\u00e1lez fue contratado por la Junta de Hacienda del municipio para el dise\u00f1o y construcci\u00f3n del Colegio Municipal (Urbanizaci\u00f3n El Pi\u00f1al).<br \/>\nD. 27 de abril: En un terreno de 280 hect\u00e1reas en el corregimiento de Los Patios, se inici\u00f3 el montaje de la F\u00e1brica de Cemento H\u00e9rcules de C\u00facuta. Tendr\u00e1 una producci\u00f3n de 150 toneladas diarias.<\/p>\n<p><strong>Hace 40 a\u00f1os:<\/strong> Abril de 1972\u2026<br \/>\nA. 4 de abril: Con el patrocinio y coordinaci\u00f3n del Instituto de Cultura y Bellas Artes de Norte de Santander, se cre\u00f3 la Sociedad de Amigos del Arte.<br \/>\nB. 7 de abril: El m\u00e9dico Sergio Lamus G., director del Centro Profamilia, anunci\u00f3 que \u201cdespu\u00e9s de 4 a\u00f1os de funcionamiento en C\u00facuta, hay 5.712 personas inscritas en el programa de planificaci\u00f3n familiar\u201d.<br \/>\nC. 10 de abril: El alcalde Juan Agust\u00edn Ram\u00edrez Calder\u00f3n, inaugur\u00f3 la iluminaci\u00f3n en la Avenida Guaimaral (11 Este) y de la Avenida 0, entre la Diagonal Santander y la Calle 1\u00aa, obras ejecutadas por CENS.<br \/>\nD. 14 de abril: El presidente Misael Pastrana Borrero firm\u00f3 el Decreto 584, que cre\u00f3 la Zona Franca Industrial y Comercial de C\u00facuta.<\/p>\n<p><strong>Hace 30 a\u00f1os:<\/strong> Abril de 1982\u2026<br \/>\nA. 14 de abril: Fue inaugurada en el Aeropuerto Camilo Daza, la Oficina Regional Antinarc\u00f3ticos de las Procuradur\u00edas Regional y Nacional.<br \/>\nB. 18 de abril: El presidente del Club de Leones de Bochalema, Jaime Boada, inaugur\u00f3 en ese municipio una fuente luminosa en el parque principal.<br \/>\nC. 20 de abril: Con el Acuerdo de la Junta Directiva de la Sociedad de Mejoras P\u00fablicas, siendo director \u00c1lvaro Villamizar Su\u00e1rez, fue creada la Corporaci\u00f3n \u201cC\u00facuta 250 a\u00f1os\u201d.<br \/>\nD. 23 de abril: La f\u00e1brica de calzado Bacardy, fue la primera que se estableci\u00f3 en la Zona Franca de C\u00facuta.<\/p>\n<p><strong>Hace 20 a\u00f1os:<\/strong> Abril de 1992\u2026<br \/>\nA. 2 de abril: La Orquesta Sinf\u00f3nica de Colombia, realiz\u00f3 un concierto en el Teatro Zulima.<br \/>\nB. 2 de abril: Con la presencia del Presidente C\u00e9sar Gaviria, se iniciaron las actividades conmemorativas del Bicentenario del General Santander.<br \/>\nC. 4 de abril: Juan Fernando Cristo fue designado, C\u00f3nsul de Colombia en Caracas.<br \/>\nD. 15 de abril: Despu\u00e9s de 65 d\u00edas de secuestro, regres\u00f3 a la libertad el economista y dirigente pol\u00edtico Andelfo Villamizar.<br \/>\nEl 1 de mayo, la hora en Colombia se adelant\u00f3 una hora.<\/p>\n<p><strong>Hace 10 a\u00f1os:<\/strong> Abril de 2002\u2026<br \/>\nA. 7 de abril: La Comunidad Monfortiana tom\u00f3 la decisi\u00f3n de marcharse de C\u00facuta; ten\u00edan al mando la Iglesia del Ave Mar\u00eda.<br \/>\nB. 8 de abril: Fue inaugurada la Fundaci\u00f3n Social J.J. Pita.<br \/>\nC. 10 de abril: El Contralor General de la Rep\u00fablica, Carlos Ossa Escobar, instal\u00f3 en C\u00facuta el Comit\u00e9 de Veedur\u00eda Ciudadana.<br \/>\nD. 12 de abril: Golpe de Estado en Venezuela, cay\u00f3 Ch\u00e1vez. De otra parte, Jos\u00e9 David Escobar, en representaci\u00f3n de Norte de Santander, clasific\u00f3 entre los 5 finalistas del Concurso \u201cSe\u00f1or Colombia\u201d.<br \/>\nE. 29 de abril: Por primera vez, un ciclista nortesantandereano, el pamplon\u00e9s Jhonny Leal, gan\u00f3 la prueba contrarreloj en la Competencia Nacional de Ciclismo, que se realiz\u00f3 en Medell\u00edn.<br \/>\n<strong>OTRAS EFEM\u00c9RIDES:<\/strong><\/p>\n<p>Hace 219 a\u00f1os, el 20 de abril de 1793. Don Juan Antonio Villamizar Pe\u00f1a, corregidor de Pamplona, dio lectura al t\u00edtulo de \u2018Muy noble, valerosa y leal villa\u2019, que le hab\u00edan concedido a la ciudad.<\/p>\n<p>Hace 127 a\u00f1os, el 23 de abril de 1855. Se realiz\u00f3 la Batalla de Tasajero, en cuya acci\u00f3n las tropas conservadoras a \u00f3rdenes del general Vicente Villamizar, derrot\u00f3 a las liberales comandadas por el general Rogelio L\u00f3pez.<br \/>\nHace 107 a\u00f1os, el 4 de abril de 1905. Pedro Mej\u00eda, Prefecto de la provincia de C\u00facuta, nombr\u00f3 guardabosque nacional de la zona del Catatumbo al coronel Virgilio Barco.<\/p>\n<p>Hace 100 a\u00f1os, el 13 de abril de 1912. El caballero italiano Enrique Raffo, inaugur\u00f3 el servicio urbano de autom\u00f3viles.<\/p>\n<p>Hace 89 a\u00f1os, el 12 de abril de 1923. Fue inaugurado el servicio de tel\u00e9grafo inal\u00e1mbrico.<\/p>\n<p>Hace 78 a\u00f1os, el 30 de abril de 1934. Fue creado el Centro de Historia de Norte de Santander, a\u00f1os m\u00e1s tarde, Academia de Historia de Norte de Santander.<\/p>\n<p>Hace 57 a\u00f1os, el 1\u00ba de abril de 1955. La famosa artista argentina Libertad Lamarque, visit\u00f3 a C\u00facuta y se present\u00f3 en el teatro Guzm\u00e1n Berti.<br \/>\n<strong>B. Natalicios<\/strong><br \/>\n2 de abril 1792. Francisco de Paula Santander<br \/>\n8 de abril de 1852. Don Rudesindo Soto<br \/>\n5 de abril de 1873. Emilio Ferrero Troconnis<br \/>\n12 de abril de 1878. V\u00edctor Julio Cote Bautista<br \/>\n4 de abril de 1888. V\u00edctor M. Guerrero<br \/>\n27 de abril de 1889. Pedro Mar\u00eda Fuentes<br \/>\n11 de abril de 1901. Jos\u00e9 Manuel Villalobos<br \/>\n7 de abril de 1926. Jos\u00e9 Luis Acero Jord\u00e1n<br \/>\n29 de abril de 1931. Luis Ra\u00fal Rodr\u00edguez Lamus<br \/>\n18 de abril de 1945. Leonor Duplat<\/p>\n<p><strong>C. Fallecimientos<\/strong><br \/>\n22 de abril de 1927. Julio P\u00e9rez Ferrero<br \/>\n4 de abril de 1932. General Luis Morales Berti<br \/>\n15 de abril de 1951. Arturo Villamizar Berti <\/p>\n","protected":false},"excerpt":{"rendered":"<p>A. Efem\u00e9rides Hace 70 a\u00f1os: Abril de 1942\u2026 A. 1\u00ba de abril: Por primera vez en Colombia, el ajedrecista Ren\u00e9 Pratt, se enfrent\u00f3 con una benda en los ojos, en simult\u00e1nea con 8 contadores, a beneficio del C\u00edrculo de Ajedrez \u2018C\u00facuta\u2019. B. 6 de abril: Fue inaugurado el Edificio El Tr\u00f3pico en la Avenida 7\u00aa &hellip;<\/p>\n","protected":false},"author":1,"featured_media":13631,"comment_status":"open","ping_status":"open","sticky":false,"template":"","format":"standard","meta":{"footnotes":""},"categories":[403],"tags":[],"class_list":["post-13599","post","type-post","status-publish","format-standard","has-post-thumbnail","hentry","category-efemerides"],"_links":{"self":[{"href":"https:\/\/contraluzcucuta.co\/index.php?rest_route=\/wp\/v2\/posts\/13599","targetHints":{"allow":["GET"]}}],"collection":[{"href":"https:\/\/contraluzcucuta.co\/index.php?rest_route=\/wp\/v2\/posts"}],"about":[{"href":"https:\/\/contraluzcucuta.co\/index.php?rest_route=\/wp\/v2\/types\/post"}],"author":[{"embeddable":true,"href":"https:\/\/contraluzcucuta.co\/index.php?rest_route=\/wp\/v2\/users\/1"}],"replies":[{"embeddable":true,"href":"https:\/\/contraluzcucuta.co\/index.php?rest_route=%2Fwp%2Fv2%2Fcomments&post=13599"}],"version-history":[{"count":2,"href":"https:\/\/contraluzcucuta.co\/index.php?rest_route=\/wp\/v2\/posts\/13599\/revisions"}],"predecessor-version":[{"id":13632,"href":"https:\/\/contraluzcucuta.co\/index.php?rest_route=\/wp\/v2\/posts\/13599\/revisions\/13632"}],"wp:featuredmedia":[{"embeddable":true,"href":"https:\/\/contraluzcucuta.co\/index.php?rest_route=\/wp\/v2\/media\/13631"}],"wp:attachment":[{"href":"https:\/\/contraluzcucuta.co\/index.php?rest_route=%2Fwp%2Fv2%2Fmedia&parent=13599"}],"wp:term":[{"taxonomy":"category","embeddable":true,"href":"https:\/\/contraluzcucuta.co\/index.php?rest_route=%2Fwp%2Fv2%2Fcategories&post=13599"},{"taxonomy":"post_tag","embeddable":true,"href":"https:\/\/contraluzcucuta.co\/index.php?rest_route=%2Fwp%2Fv2%2Ftags&post=13599"}],"curies":[{"name":"wp","href":"https:\/\/api.w.org\/{rel}","templated":true}]}}