{"id":13597,"date":"2012-08-16T14:28:18","date_gmt":"2012-08-16T19:28:18","guid":{"rendered":"http:\/\/contraluzcucuta.co\/?p=13597"},"modified":"2012-08-16T22:06:23","modified_gmt":"2012-08-17T03:06:23","slug":"efemerides-cucutenas-marzo","status":"publish","type":"post","link":"https:\/\/contraluzcucuta.co\/?p=13597","title":{"rendered":"EFEM\u00c9RIDES CUCUTE\u00d1AS: Marzo"},"content":{"rendered":"<p><strong>A. Efem\u00e9rides<\/strong><br \/>\n<strong>Hace 60 a\u00f1os:<\/strong> Marzo de 1952\u2026<br \/>\nA. 1\u00ba de marzo: Leonor Navia Orejuela, conocida como Leonor de Colombia, lleg\u00f3 de visita a la ciudad.<br \/>\nB. 2 de marzo: Fue inaugurado el Hospital de Salazar de las Palmas<br \/>\nC. 25 de marzo: Sorteo Extraordinario de la Loter\u00eda de C\u00facuta<\/p>\n<p><strong>Hace 50 a\u00f1os:<\/strong> Marzo de 1962\u2026<br \/>\nA. 25 de marzo: Monse\u00f1or Pablo Correa Le\u00f3n cre\u00f3 la parroquia \u2018La Sagrada Familia\u2019 en el barrio La Libertad. El primer p\u00e1rroco fue el sacerdote salesiano Eladio Agudelo.<\/p>\n<p><strong>Hace 40 a\u00f1os:<\/strong> Marzo de 1972\u2026<\/p>\n<p>A. 14 de marzo: Invasi\u00f3n de terrenos en el barrio Once de Noviembre del corregimiento Los Patios.<br \/>\nB. 17 de marzo: Homenaje c\u00edvico a Carlos Ram\u00edrez Par\u00eds.<br \/>\nC. 22 de marzo: Para contrarrestar la carest\u00eda, el Idema inaugur\u00f3 un supermercado en el centro de la ciudad.<br \/>\nD. 24 de marzo: Nueva Junta Directiva fue elegida en la Defensa Civil de C\u00facuta y con una programaci\u00f3n variada se celebr\u00f3 el d\u00eda del locutor.<\/p>\n<p><strong>Hace 30 a\u00f1os:<\/strong> Marzo de 1982\u2026<br \/>\nA. 6 de marzo: Trans Guasimales y Trans Tonchal\u00e1 iniciaron el servicio de transporte de pasajeros, modalidad T.S.S. con la ruta Motilones \u2013 Parque Recreacional y viciversa.<br \/>\nB. 12 de marzo: Con 43.260 votos el liberalismo obtuvo la mayor\u00eda de curules en el Concejo de C\u00facuta.<br \/>\nC. 19 de marzo: Fue inaugurado el Cordillera Country Club por la promotora de Inversiones Pamplonita<\/p>\n<p><strong>Hace 20 a\u00f1os:<\/strong> Marzo de 1992\u2026<br \/>\nA. 3 de marzo: El Banco de la Rep\u00fablica anunci\u00f3 la puesta en circulaci\u00f3n de los billetes de $10.000 y la emisi\u00f3n de monedas de $1.000 a cambio del tradicional billete<br \/>\nB. 8 de marzo: Con 26.834 votos, el arquitecto Enrique Cuadros Corredor fue elegido como tercer Alcalde por elecci\u00f3n popular de C\u00facuta. La abstenci\u00f3n fue del 64%.<br \/>\nC. 16 de marzo: Como consecuencia de la contaminaci\u00f3n atmosf\u00e9rica que ven\u00eda provocando el Ministerio de Salud orden\u00f3 el cierre del Tejar de Pescadero.<br \/>\nD. 19 de marzo: El sacerdote cucute\u00f1o Rafael Garc\u00eda-Herreros coloc\u00f3 la primera piedra del barrio el Minuto de Dios en el sector de El Rodeo<br \/>\nE. 24 de marzo: Despu\u00e9s de 56 d\u00edas de secuestro, el E.P.L. anunci\u00f3 la muerte en cautiverio del ex ministro de estado Argelino Dur\u00e1n Quintero.<br \/>\nF. 27 de marzo: Acompa\u00f1ado por el Nuncio Apost\u00f3lico Paolo Romero, lleg\u00f3 a C\u00facuta monse\u00f1or Rub\u00e9n Salazar G\u00f3mez, nuevo obispo de la Di\u00f3cesis de C\u00facuta.<\/p>\n<p><strong>Hace 10 a\u00f1os:<\/strong> Marzo de 2002\u2026<br \/>\nA. 7 de marzo: Iniciaron las fumigaciones en El Catatumbo.<br \/>\nB. 11 de marzo: Cinco nortesantandereanos lograron curul en el Senado, luego de las elecciones del domingo pasado.<br \/>\nC. 14 de marzo: Una copia del \u2018Incunable\u2019 reposa a partir de hoy en la Biblioteca P\u00fablica \u2018Julio P\u00e9rez Ferrero\u2019.<br \/>\nD. 14 de marzo: Se accident\u00f3 el gimnasta cucute\u00f1o Jes\u00fas Romero<br \/>\nE. 19 de marzo: Muri\u00f3 tr\u00e1gicamente la parlamentaria nortesantandereana Isabel Celis Y\u00e1\u00f1ez<\/p>\n<p><strong>OTRAS EFEM\u00c9RIDES:<\/strong><\/p>\n<p>Hace 278 a\u00f1os, el 19 de marzo de 1734. El Pbro. Diego Antonio Ram\u00edrez de Rojas ofici\u00f3 la primera eucarist\u00eda en C\u00facuta.<\/p>\n<p>Hace 222 a\u00f1os, el 12 de marzo de 1790. La parroquia de C\u00facuta fue agregada a la Di\u00f3cesis de M\u00e9rida (Venezuela).<\/p>\n<p>Hace 122 a\u00f1os, el 1\u00ba de marzo de 1890. Don Justo Rosas fund\u00f3 el peri\u00f3dico \u2018El Trabajo\u2019.<\/p>\n<p>Hace 104 a\u00f1os, el 1\u00ba de marzo de 1908. Fundado el decano de los clubes sociales en C\u00facuta, el \u2018Club Jeunesse\u2019.<\/p>\n<p>Hace 94 a\u00f1os, el 15 de marzo de 1918. Fue creada la Sociedad de Mejoras P\u00fablicas.<\/p>\n<p>Hace 90 a\u00f1os, el 16 de marzo de 1922. Camilo Daza realiz\u00f3 por primera vez el vuelo entre C\u00facuta y Pamplona.<\/p>\n<p>Hace 86 a\u00f1os, el 16 de marzo de 1926. Creada la sucursal del Banco de Colombia en C\u00facuta. El primer gerente fue don Luciano Jaramillo M.<\/p>\n<p>Hace 78 a\u00f1os, el 20 de marzo de 1934. Creado el Colegio C\u00facuta para se\u00f1oritas, el que el 21 de marzo de 1950 pas\u00f3 a llamarse Normal, regentado por las Hermanas Hijas de Mar\u00eda Auxiliadora.<\/p>\n<p>Hace 68 a\u00f1os, el 28 de marzo de 1944. Primer sorteo de la Loter\u00eda de C\u00facuta.<\/p>\n<p>Hace 60 a\u00f1os, el 12 de marzo de 1952. Carlos Ram\u00edrez Par\u00eds dio al servicio la cuarta estaci\u00f3n radial en C\u00facuta, denominada \u2018Radio Guaimaral\u2019 en la frecuencia 1420 HJBD, en onda larga.<\/p>\n<p>Hace 58 a\u00f1os, el 13 de marzo de 1954. Fue inaugurada la parroquia de \u2018La Sant\u00edsima Trinidad\u2019 en el barrio Cundinamarca. El primer p\u00e1rroco fue Jos\u00e9 Ruber Prato.<\/p>\n<p><strong>B. Natalicios<\/strong><br \/>\n5 de marzo de 1817. Jos\u00e9 Eusebio Caro<br \/>\n15 de marzo de 1898. Don Antonio Copello Baptista<br \/>\n21 de marzo de 1958. Miguel M\u00e9ndez Camacho<\/p>\n<p><strong>C. Fallecimientos<\/strong><br \/>\n10 de marzo de 1915. Ing. Francisco de Paula Andrade Troconis<br \/>\n12 de marzo de 1954. Dr. Augusto Mart\u00ednez<br \/>\n21 de marzo de 1992. Argelino Dur\u00e1n Quintero (en cautiverio) <\/p>\n","protected":false},"excerpt":{"rendered":"<p>A. Efem\u00e9rides Hace 60 a\u00f1os: Marzo de 1952\u2026 A. 1\u00ba de marzo: Leonor Navia Orejuela, conocida como Leonor de Colombia, lleg\u00f3 de visita a la ciudad. B. 2 de marzo: Fue inaugurado el Hospital de Salazar de las Palmas C. 25 de marzo: Sorteo Extraordinario de la Loter\u00eda de C\u00facuta Hace 50 a\u00f1os: Marzo de &hellip;<\/p>\n","protected":false},"author":1,"featured_media":13628,"comment_status":"open","ping_status":"open","sticky":false,"template":"","format":"standard","meta":{"footnotes":""},"categories":[403],"tags":[],"class_list":["post-13597","post","type-post","status-publish","format-standard","has-post-thumbnail","hentry","category-efemerides"],"_links":{"self":[{"href":"https:\/\/contraluzcucuta.co\/index.php?rest_route=\/wp\/v2\/posts\/13597","targetHints":{"allow":["GET"]}}],"collection":[{"href":"https:\/\/contraluzcucuta.co\/index.php?rest_route=\/wp\/v2\/posts"}],"about":[{"href":"https:\/\/contraluzcucuta.co\/index.php?rest_route=\/wp\/v2\/types\/post"}],"author":[{"embeddable":true,"href":"https:\/\/contraluzcucuta.co\/index.php?rest_route=\/wp\/v2\/users\/1"}],"replies":[{"embeddable":true,"href":"https:\/\/contraluzcucuta.co\/index.php?rest_route=%2Fwp%2Fv2%2Fcomments&post=13597"}],"version-history":[{"count":2,"href":"https:\/\/contraluzcucuta.co\/index.php?rest_route=\/wp\/v2\/posts\/13597\/revisions"}],"predecessor-version":[{"id":13629,"href":"https:\/\/contraluzcucuta.co\/index.php?rest_route=\/wp\/v2\/posts\/13597\/revisions\/13629"}],"wp:featuredmedia":[{"embeddable":true,"href":"https:\/\/contraluzcucuta.co\/index.php?rest_route=\/wp\/v2\/media\/13628"}],"wp:attachment":[{"href":"https:\/\/contraluzcucuta.co\/index.php?rest_route=%2Fwp%2Fv2%2Fmedia&parent=13597"}],"wp:term":[{"taxonomy":"category","embeddable":true,"href":"https:\/\/contraluzcucuta.co\/index.php?rest_route=%2Fwp%2Fv2%2Fcategories&post=13597"},{"taxonomy":"post_tag","embeddable":true,"href":"https:\/\/contraluzcucuta.co\/index.php?rest_route=%2Fwp%2Fv2%2Ftags&post=13597"}],"curies":[{"name":"wp","href":"https:\/\/api.w.org\/{rel}","templated":true}]}}