{"id":13572,"date":"2012-08-15T20:02:44","date_gmt":"2012-08-16T01:02:44","guid":{"rendered":"http:\/\/contraluzcucuta.co\/?p=13572"},"modified":"2012-08-15T20:02:44","modified_gmt":"2012-08-16T01:02:44","slug":"caficultores-de-gramalote-reciben-apoyo-oficial","status":"publish","type":"post","link":"https:\/\/contraluzcucuta.co\/?p=13572","title":{"rendered":"Caficultores de Gramalote reciben apoyo oficial"},"content":{"rendered":"<p><strong>C\u00daCUTA.-<\/strong> Quinientas doce \u00a0hect\u00e1reas de cultivos de caf\u00e9 afectadas en Gramalote por el fen\u00f3meno climatol\u00f3gico La Ni\u00f1a (2010-2011) ser\u00e1n recuperadas y el municipio pasar\u00e1 de producir 1536 cargas al a\u00f1o \u00a0a 6144 cargas.<\/p>\n<p>El Fondo de Adaptaci\u00f3n, la Federaci\u00f3n de Cafeteros, la Gobernaci\u00f3n de Norte de Santander y la Alcald\u00eda de Gramalote firmaron un convenio para recuperar los cafetales, aumentar\u00a0 los ingresos de los campesinos y mejorar la producci\u00f3n con sistemas agroforestales.<\/p>\n<p>Los beneficiados ser\u00e1n 464 familias. El proyecto asciende a $1743 millones, aportados por el Fondo de Adaptaci\u00f3n ($1400 millones),\u00a0 la Federaci\u00f3n de Cafeteros ($271 millones) y el municipio ($72 millones) en especie. La Secretar\u00eda de Desarrollo Social del departamento participar\u00e1 en el proceso con asistencia t\u00e9cnica.<\/p>\n<p>Los recursos favorecer\u00e1n al sector rural, que no se hab\u00eda tenido en cuenta. Los campesinos, a ra\u00edz de la tragedia del 17 de diciembre de 2010, perdieron el casco urbano, donde vend\u00edan parte de los productos.<\/p>\n<p>En la firma del convenio participaron la directora del Fondo de Adaptaci\u00f3n y la gerenta de la Federaci\u00f3n de Cafeteros seccional Norte de Santander. El gobernador Edgar D\u00edaz les agradeci\u00f3 el apoyo brindado a los caficultores, que hab\u00edan solicitado apoyo y respaldo en las instituciones gubernamentales.<\/p>\n<p>Los cafeteros de Gramalote que quieran vincularse al programa deber\u00e1n acudir al Comit\u00e9 de Cafeteros de Norte de Santander con el certificado de ser afectado por el fen\u00f3meno climatol\u00f3gico, que otorgan el Crepad y el Clopad.<\/p>\n<p>&nbsp;<\/p>\n<p>&nbsp; <\/p>\n","protected":false},"excerpt":{"rendered":"<p>C\u00daCUTA.- Quinientas doce \u00a0hect\u00e1reas de cultivos de caf\u00e9 afectadas en Gramalote por el fen\u00f3meno climatol\u00f3gico La Ni\u00f1a (2010-2011) ser\u00e1n recuperadas y el municipio pasar\u00e1 de producir 1536 cargas al a\u00f1o \u00a0a 6144 cargas. El Fondo de Adaptaci\u00f3n, la Federaci\u00f3n de Cafeteros, la Gobernaci\u00f3n de Norte de Santander y la Alcald\u00eda de Gramalote firmaron un convenio &hellip;<\/p>\n","protected":false},"author":1,"featured_media":13573,"comment_status":"open","ping_status":"open","sticky":false,"template":"","format":"standard","meta":{"footnotes":""},"categories":[32],"tags":[13],"class_list":["post-13572","post","type-post","status-publish","format-standard","has-post-thumbnail","hentry","category-recorrido-por-la-region","tag-gramalote"],"_links":{"self":[{"href":"https:\/\/contraluzcucuta.co\/index.php?rest_route=\/wp\/v2\/posts\/13572","targetHints":{"allow":["GET"]}}],"collection":[{"href":"https:\/\/contraluzcucuta.co\/index.php?rest_route=\/wp\/v2\/posts"}],"about":[{"href":"https:\/\/contraluzcucuta.co\/index.php?rest_route=\/wp\/v2\/types\/post"}],"author":[{"embeddable":true,"href":"https:\/\/contraluzcucuta.co\/index.php?rest_route=\/wp\/v2\/users\/1"}],"replies":[{"embeddable":true,"href":"https:\/\/contraluzcucuta.co\/index.php?rest_route=%2Fwp%2Fv2%2Fcomments&post=13572"}],"version-history":[{"count":2,"href":"https:\/\/contraluzcucuta.co\/index.php?rest_route=\/wp\/v2\/posts\/13572\/revisions"}],"predecessor-version":[{"id":13575,"href":"https:\/\/contraluzcucuta.co\/index.php?rest_route=\/wp\/v2\/posts\/13572\/revisions\/13575"}],"wp:featuredmedia":[{"embeddable":true,"href":"https:\/\/contraluzcucuta.co\/index.php?rest_route=\/wp\/v2\/media\/13573"}],"wp:attachment":[{"href":"https:\/\/contraluzcucuta.co\/index.php?rest_route=%2Fwp%2Fv2%2Fmedia&parent=13572"}],"wp:term":[{"taxonomy":"category","embeddable":true,"href":"https:\/\/contraluzcucuta.co\/index.php?rest_route=%2Fwp%2Fv2%2Fcategories&post=13572"},{"taxonomy":"post_tag","embeddable":true,"href":"https:\/\/contraluzcucuta.co\/index.php?rest_route=%2Fwp%2Fv2%2Ftags&post=13572"}],"curies":[{"name":"wp","href":"https:\/\/api.w.org\/{rel}","templated":true}]}}