{"id":13568,"date":"2012-08-15T19:36:49","date_gmt":"2012-08-16T00:36:49","guid":{"rendered":"http:\/\/contraluzcucuta.co\/?p=13568"},"modified":"2012-08-15T19:36:49","modified_gmt":"2012-08-16T00:36:49","slug":"ester-tan-fuerte-como-atlas-lleva-a-la-espalda-un-mundo-de-ilusiones","status":"publish","type":"post","link":"https:\/\/contraluzcucuta.co\/?p=13568","title":{"rendered":"Ester, tan fuerte como Atlas, lleva a la espalda un mundo de ilusiones"},"content":{"rendered":"<p><strong>C\u00daCUTA.-<\/strong> Ester Ram\u00edrez, de 38 a\u00f1os, es sensible, llena de valores, guerrera y luchadora. El sin\u00f3nimo que mejor la define es la solidaridad. No se rinde ante los obst\u00e1culos que le presenta la vida. Desde peque\u00f1a siente y explota ese amor por los dem\u00e1s.<\/p>\n<p>Cansada de ver la dif\u00edcil situaci\u00f3n de las madres, que al igual que ella en el pasado, sufren por no tener un trabajo al que puedan llevar a los hijos, decidi\u00f3 crear una fundaci\u00f3n sin \u00e1nimo de lucro. Aprovech\u00f3 que cuenta con respaldo de Bienestar Familiar, hace dos a\u00f1os y medio, y dio rienda suelta al sue\u00f1o. El amor por los ni\u00f1os la motiv\u00f3 a empezar y el a\u00f1o pasado consigui\u00f3 tres padrinos para tres ni\u00f1os.<\/p>\n<p>Tras meses de esfuerzos, investigaciones, registros y papeleos, en marzo, registr\u00f3 en la C\u00e1mara de Comercio de C\u00facuta lo que tanto anhelaba y bautiz\u00f3 a la fundaci\u00f3n \u2018La Felicidad de Compartir. \u201cSomos hogar infantil apoyado por Bienestar Familiar y la fundaci\u00f3n\u201d.<\/p>\n<p>Ha enviado cartas a Caf\u00e9 Galav\u00eds, Ecopetrol, Ventura Plaza, Postob\u00f3n, Cer\u00e1mica Italia, Env\u00eda y Pasteurizadora La Mejor en busca de respaldo econ\u00f3mico. Hasta ahora, ninguna de esas empresas ha respondido. Otras dos, le avisaron que no pod\u00edan ayudarla por pol\u00edticas internas.<\/p>\n<p>\u201cInvert\u00ed dinero en matricular la fundaci\u00f3n en la C\u00e1mara de Comercio, tiempo y papeleo\u201d para legalizarla y mostrar que no se trata de una firma para el usufructo personal sino para ayudar a las madres necesitadas. El silencio es la respuesta.<\/p>\n<p>Tramit\u00f3 un pr\u00e9stamo en la Fundaci\u00f3n de la Mujer y lleva un a\u00f1o pag\u00e1ndolo. Decidi\u00f3 diferirlo a tres a\u00f1os para que las cuotas quedaran c\u00f3modas. Con el dinero acopl\u00f3 el porche de la casa, por seguridad para los ni\u00f1os; construy\u00f3 el sal\u00f3n de clases y el ba\u00f1o. Las colchonetas y el DVD se los donaron.<\/p>\n<p>La mayor\u00eda de las beneficiadas son madres solteras y cabeza de hogar. Lavan ropa, planchan y hacen aseo en casas ajenas para conseguir el diario. \u201cEst\u00e1n desesperadas para ver en qu\u00e9 momento les digo \u2018tr\u00e1iganme a sus hijos que tengo qui\u00e9n me apoye para darles los alimentos y prestarles el cuidado que necesitan\u2019\u201d.<\/p>\n<p>Los ni\u00f1os carecen de vestuario, \u00fatiles de aseo, alimentaci\u00f3n y material did\u00e1ctico para comenzar mejor la vida. Por ahora s\u00f3lo puede ayudar a unos cuantos peque\u00f1os del barrio La Uni\u00f3n. La meta es posicionarse como fundaci\u00f3n para apoyar a las madres colombianas que afrontan esta situaci\u00f3n en cualquier rinc\u00f3n del pa\u00eds.<\/p>\n<p>Ester, anhela que la gente la ayude para darles un mejor servicio a esos seres que empiezan a caminar, a decir las primeras palabras, a vivir. Seis madres cabeza de hogar est\u00e1n dispuestas a apoyarla cuando abra de manera oficial la fundaci\u00f3n. \u201cNecesito esa seguridad para decirles a la mamitas que contar\u00e1n con un pago mensual para que trabajen y vean de sus hijos\u201d, dijo con entusiasmo, abraza a uno de los ni\u00f1os y sonr\u00ede.<\/p>\n<p>Las mam\u00e1s necesitan que tenga a los hijos m\u00e1s de medio tiempo. Les pidi\u00f3 $30.000 mensuales para subsidiarles los \u00fatiles de aseo, la lonchera de la tarde y los teteros. Pero no cuestan con los recursos econ\u00f3micos.<\/p>\n<p>A las 8:00 de la ma\u00f1ana comienza el desfile. En el televisor ven pel\u00edculas que les dejan ense\u00f1anzas y valores, como el respeto por los padres. Hasta las 4:00 de la tarde, tienen juegos, meriendas, orden, higiene, comida, ba\u00f1os, descanso, peinados y perfumes. A esa hora llegan las mam\u00e1s a recogerlos.<\/p>\n<p>Cuidarlos es dif\u00edcil, porque cada uno tiene su forma de ser. \u201cEs complicado, pero hago lo posible por ense\u00f1arles a ser ni\u00f1os bien y que cuando crezcan tengan una formaci\u00f3n buena\u201d.<\/p>\n<p>Han pasado muchos meses de larga espera por una ayuda y la tristeza la embarga porque no consigue respuestas. \u201cQuiero todo bien conformado, bien organizado. Estoy en espera de corazones bien grandes para que se unan conmigo\u201d. El 14 de agosto, los visit\u00f3 Luciana Rinc\u00f3n y con los alumnos les hablaron sobre la higiene bucal y les revisaron los dientes.<\/p>\n<p>Ester Ram\u00edrez, al igual que Atlas, carga un mundo en su espalda, lleno de ilusiones, anhelos y deseos. Busca una oportunidad para mejorarles la calidad de vida a los ni\u00f1os, segura de que as\u00ed ayudar\u00e1 con el desarrollo de la comunidad y con el futuro del pa\u00eds.<\/p>\n<p><strong>MILDRED MOLINA<\/strong><\/p>\n<p><a href=\"mailto:mildred_periodismo_mms@hotmail.com\">mildred_periodismo_mms@hotmail.com<\/a><\/p>\n<p>&nbsp; <\/p>\n","protected":false},"excerpt":{"rendered":"<p>C\u00daCUTA.- Ester Ram\u00edrez, de 38 a\u00f1os, es sensible, llena de valores, guerrera y luchadora. El sin\u00f3nimo que mejor la define es la solidaridad. No se rinde ante los obst\u00e1culos que le presenta la vida. Desde peque\u00f1a siente y explota ese amor por los dem\u00e1s. Cansada de ver la dif\u00edcil situaci\u00f3n de las madres, que al &hellip;<\/p>\n","protected":false},"author":1,"featured_media":13569,"comment_status":"open","ping_status":"open","sticky":false,"template":"","format":"standard","meta":{"footnotes":""},"categories":[10,45],"tags":[399],"class_list":["post-13568","post","type-post","status-publish","format-standard","has-post-thumbnail","hentry","category-cronicas","category-destacado","tag-fundacion-la-felicidad-de-compartir"],"_links":{"self":[{"href":"https:\/\/contraluzcucuta.co\/index.php?rest_route=\/wp\/v2\/posts\/13568","targetHints":{"allow":["GET"]}}],"collection":[{"href":"https:\/\/contraluzcucuta.co\/index.php?rest_route=\/wp\/v2\/posts"}],"about":[{"href":"https:\/\/contraluzcucuta.co\/index.php?rest_route=\/wp\/v2\/types\/post"}],"author":[{"embeddable":true,"href":"https:\/\/contraluzcucuta.co\/index.php?rest_route=\/wp\/v2\/users\/1"}],"replies":[{"embeddable":true,"href":"https:\/\/contraluzcucuta.co\/index.php?rest_route=%2Fwp%2Fv2%2Fcomments&post=13568"}],"version-history":[{"count":2,"href":"https:\/\/contraluzcucuta.co\/index.php?rest_route=\/wp\/v2\/posts\/13568\/revisions"}],"predecessor-version":[{"id":13571,"href":"https:\/\/contraluzcucuta.co\/index.php?rest_route=\/wp\/v2\/posts\/13568\/revisions\/13571"}],"wp:featuredmedia":[{"embeddable":true,"href":"https:\/\/contraluzcucuta.co\/index.php?rest_route=\/wp\/v2\/media\/13569"}],"wp:attachment":[{"href":"https:\/\/contraluzcucuta.co\/index.php?rest_route=%2Fwp%2Fv2%2Fmedia&parent=13568"}],"wp:term":[{"taxonomy":"category","embeddable":true,"href":"https:\/\/contraluzcucuta.co\/index.php?rest_route=%2Fwp%2Fv2%2Fcategories&post=13568"},{"taxonomy":"post_tag","embeddable":true,"href":"https:\/\/contraluzcucuta.co\/index.php?rest_route=%2Fwp%2Fv2%2Ftags&post=13568"}],"curies":[{"name":"wp","href":"https:\/\/api.w.org\/{rel}","templated":true}]}}