{"id":13455,"date":"2012-08-09T16:41:33","date_gmt":"2012-08-09T21:41:33","guid":{"rendered":"http:\/\/contraluzcucuta.co\/?p=13455"},"modified":"2012-08-10T14:35:14","modified_gmt":"2012-08-10T19:35:14","slug":"a-conocer-el-cerro-tasajero","status":"publish","type":"post","link":"https:\/\/contraluzcucuta.co\/?p=13455","title":{"rendered":"A conocer el Cerro Tasajero"},"content":{"rendered":"<p><strong>C\u00daCUTA.-<\/strong> Cuarenta aventureros partir\u00e1n el 12 de agosto, a las 7:00 de la ma\u00f1ana, hacia la cumbre del Cerro Tasajero. El recorrido, que tendr\u00e1 duraci\u00f3n de tres horas, se har\u00e1 en carro hasta la mitad del camino. De ah\u00ed en adelante comenzar\u00e1 la caminata organizada por la Corporaci\u00f3n Mixta de Norte de Santander.<\/p>\n<p>Lina Silva, directora del organismo, explic\u00f3 que el paseo hasta el mirador tur\u00edstico natural forma parte del programa \u2018Conozcamos lo nuestro\u2019, que busca mostrar los atractivos de C\u00facuta y Norte de Santander.<\/p>\n<p>Al llegar a la cima, donde est\u00e1n las antenas, los caminantes divisar\u00e1n el Valle de C\u00facuta, Ure\u00f1a, San Antonio y Los Patios. \u201cVamos a disfrutar de un clima diferente al cucute\u00f1o, a medida que se asciende el clima se hace agradable\u201d.<\/p>\n<p>Invit\u00f3 a conocer el hermoso paisaje natural del Cerro del que \u201cvenimos escuchando desde los estudios y en las diferentes canciones que tienen la ciudad y el departamento\u201d.<\/p>\n<p>El recorrido est\u00e1 involucrado en el programa de rescatar y conocer los atractivos que tiene Norte de Santander. La idea es disfrutar de la panor\u00e1mica del municipio. \u201cSe ver\u00e1 un concepto diferente de \u00a0lo que estamos acostumbrados a ver. Cambiar\u00e1 la imagen de los edificios por la naturaleza y el atractivo natural\u201d.<\/p>\n<p>Despu\u00e9s del Tasajero est\u00e1 programada la visita a Pozo Azul, para conocer las cascadas con toboganes naturales. El recorrido es extenso por lo que la actividad incluir\u00e1 el d\u00eda.<\/p>\n<p>Luego, los paquetes se extender\u00e1n a los 21 municipios que forman parte del Plan de Desarrollo Tur\u00edstico.<\/p>\n<p>&nbsp; <\/p>\n","protected":false},"excerpt":{"rendered":"<p>C\u00daCUTA.- Cuarenta aventureros partir\u00e1n el 12 de agosto, a las 7:00 de la ma\u00f1ana, hacia la cumbre del Cerro Tasajero. El recorrido, que tendr\u00e1 duraci\u00f3n de tres horas, se har\u00e1 en carro hasta la mitad del camino. De ah\u00ed en adelante comenzar\u00e1 la caminata organizada por la Corporaci\u00f3n Mixta de Norte de Santander. Lina Silva, &hellip;<\/p>\n","protected":false},"author":1,"featured_media":13456,"comment_status":"open","ping_status":"open","sticky":false,"template":"","format":"standard","meta":{"footnotes":""},"categories":[45,347],"tags":[368,369],"class_list":["post-13455","post","type-post","status-publish","format-standard","has-post-thumbnail","hentry","category-destacado","category-medio-ambiente","tag-cerro-tasajero","tag-turismo"],"_links":{"self":[{"href":"https:\/\/contraluzcucuta.co\/index.php?rest_route=\/wp\/v2\/posts\/13455","targetHints":{"allow":["GET"]}}],"collection":[{"href":"https:\/\/contraluzcucuta.co\/index.php?rest_route=\/wp\/v2\/posts"}],"about":[{"href":"https:\/\/contraluzcucuta.co\/index.php?rest_route=\/wp\/v2\/types\/post"}],"author":[{"embeddable":true,"href":"https:\/\/contraluzcucuta.co\/index.php?rest_route=\/wp\/v2\/users\/1"}],"replies":[{"embeddable":true,"href":"https:\/\/contraluzcucuta.co\/index.php?rest_route=%2Fwp%2Fv2%2Fcomments&post=13455"}],"version-history":[{"count":3,"href":"https:\/\/contraluzcucuta.co\/index.php?rest_route=\/wp\/v2\/posts\/13455\/revisions"}],"predecessor-version":[{"id":13479,"href":"https:\/\/contraluzcucuta.co\/index.php?rest_route=\/wp\/v2\/posts\/13455\/revisions\/13479"}],"wp:featuredmedia":[{"embeddable":true,"href":"https:\/\/contraluzcucuta.co\/index.php?rest_route=\/wp\/v2\/media\/13456"}],"wp:attachment":[{"href":"https:\/\/contraluzcucuta.co\/index.php?rest_route=%2Fwp%2Fv2%2Fmedia&parent=13455"}],"wp:term":[{"taxonomy":"category","embeddable":true,"href":"https:\/\/contraluzcucuta.co\/index.php?rest_route=%2Fwp%2Fv2%2Fcategories&post=13455"},{"taxonomy":"post_tag","embeddable":true,"href":"https:\/\/contraluzcucuta.co\/index.php?rest_route=%2Fwp%2Fv2%2Ftags&post=13455"}],"curies":[{"name":"wp","href":"https:\/\/api.w.org\/{rel}","templated":true}]}}