{"id":13441,"date":"2012-08-08T23:31:48","date_gmt":"2012-08-09T04:31:48","guid":{"rendered":"http:\/\/contraluzcucuta.co\/?p=13441"},"modified":"2012-08-09T06:18:43","modified_gmt":"2012-08-09T11:18:43","slug":"ministro-de-defensa-30-000-millones-para-norte-de-santander","status":"publish","type":"post","link":"https:\/\/contraluzcucuta.co\/?p=13441","title":{"rendered":"Ministro de Defensa anunci\u00f3 $30.000 millones para Norte de Santander"},"content":{"rendered":"<p><strong>OCA\u00d1A.-<\/strong> El Ministerio de Defensa invertir\u00e1 $30.000 millones en la atenci\u00f3n de obras de baja infraestructura y proyectos productivos que mitiguen el quiebre socioecon\u00f3mico que afronta el departamento. El anuncio lo hizo el titular de la cartera Juan Carlos Pinz\u00f3n, en Oca\u00f1a.<\/p>\n<p>En desarrollo del consejo de seguridad, el funcionario reiter\u00f3 el incremento del pie de fuerza en Norte de Santander. Cuatrocientos polic\u00edas llegar\u00e1n en dos etapas. Los 100 primeros lo har\u00e1n en diciembre y los 300 restantes en el 2013.<\/p>\n<p>\u00c1lvaro Balc\u00e1zar, director general de la Unidad Administrativa Especial para la Consolidaci\u00f3n, anunci\u00f3 una inversi\u00f3n de $10.000 millones para la ejecuci\u00f3n de peque\u00f1os proyectos productivos que favorecer\u00e1n a 4662 familias. Adem\u00e1s, se adquirir\u00e1n dos equipos para la atenci\u00f3n de las v\u00edas.<\/p>\n<p>Los alcaldes plantearon la puesta en marcha de un proyecto generador de desarrollo que ser\u00eda la presentaci\u00f3n de un plan estructurado de utilizaci\u00f3n de recurso hidrocarbur\u00edfero y el establecimiento de peque\u00f1as industrias.<\/p>\n<p>El gobernador (e) Cristian Buitrago afirm\u00f3 que\u00a0 \u201cla idea es que al finalizar diciembre empiecen a verse las inversiones planeadas para la sustituci\u00f3n de cultivos y la puesta en marcha de proyectos productivos. El objeto es que \u201clas familias puedan desarrollar nuevas actividades econ\u00f3micas en la regi\u00f3n\u201d.<\/p>\n<p>Para atender las necesidades del departamento se han asumido compromisos por parte del presidente Juan Manuel Santos, en el reciente consejo de seguridad, m\u00e1s los establecidos en el plan de acci\u00f3n de la zona de consolidaci\u00f3n de El Catatumbo. Los nortesantandereanos aguardan que puedan materializarse, en especial los acordados en el documento Conpes, en el que se esbozaron las principales obras de desarrollo para la regi\u00f3n.<\/p>\n<p>Buitrago dijo que se requiere tener di\u00e1logo directo con las autoridades nacionales y solicit\u00f3 a Pinz\u00f3n convertirse en vocero en el Consejo de Ministros para que los compromisos multisectoriales lleguen a total cumplimiento.<\/p>\n<p>\u201cEstamos en buen momento. El Gobierno ha sido receptivo en estos aspectos y consideramos que se han sentado las bases para el establecimiento de proyectos multisectoriales avalados por la zona de consolidaci\u00f3n y el Ministerio de Defensa\u201d, indic\u00f3.<\/p>\n<p>Al encuentro asistieron los alcaldes de la Provincia de Oca\u00f1a; Cristian Buitrago, Gobernador (e); general Alejandro Navas, comandante de las Fuerzas Militares; general Sergio Martilla, comandante del Ej\u00e9rcito; mayor general Jos\u00e9 Roberto Le\u00f3n, comandante de la Polic\u00eda; \u00c1lvaro Balc\u00e1zar, director de la Unidad Administrativa Especial para la Consolidaci\u00f3n, y los comandantes de la Polic\u00eda de Norte de Santander, teniente coronel Jorge Eliecer Camacho, y Metropolitana de C\u00facuta, teniente coronel \u00c1lvaro Pico Malaver.<\/p>\n<p>&nbsp; <\/p>\n","protected":false},"excerpt":{"rendered":"<p>OCA\u00d1A.- El Ministerio de Defensa invertir\u00e1 $30.000 millones en la atenci\u00f3n de obras de baja infraestructura y proyectos productivos que mitiguen el quiebre socioecon\u00f3mico que afronta el departamento. El anuncio lo hizo el titular de la cartera Juan Carlos Pinz\u00f3n, en Oca\u00f1a. En desarrollo del consejo de seguridad, el funcionario reiter\u00f3 el incremento del pie &hellip;<\/p>\n","protected":false},"author":1,"featured_media":13442,"comment_status":"open","ping_status":"open","sticky":false,"template":"","format":"standard","meta":{"footnotes":""},"categories":[32],"tags":[],"class_list":["post-13441","post","type-post","status-publish","format-standard","has-post-thumbnail","hentry","category-recorrido-por-la-region"],"_links":{"self":[{"href":"https:\/\/contraluzcucuta.co\/index.php?rest_route=\/wp\/v2\/posts\/13441","targetHints":{"allow":["GET"]}}],"collection":[{"href":"https:\/\/contraluzcucuta.co\/index.php?rest_route=\/wp\/v2\/posts"}],"about":[{"href":"https:\/\/contraluzcucuta.co\/index.php?rest_route=\/wp\/v2\/types\/post"}],"author":[{"embeddable":true,"href":"https:\/\/contraluzcucuta.co\/index.php?rest_route=\/wp\/v2\/users\/1"}],"replies":[{"embeddable":true,"href":"https:\/\/contraluzcucuta.co\/index.php?rest_route=%2Fwp%2Fv2%2Fcomments&post=13441"}],"version-history":[{"count":4,"href":"https:\/\/contraluzcucuta.co\/index.php?rest_route=\/wp\/v2\/posts\/13441\/revisions"}],"predecessor-version":[{"id":13445,"href":"https:\/\/contraluzcucuta.co\/index.php?rest_route=\/wp\/v2\/posts\/13441\/revisions\/13445"}],"wp:featuredmedia":[{"embeddable":true,"href":"https:\/\/contraluzcucuta.co\/index.php?rest_route=\/wp\/v2\/media\/13442"}],"wp:attachment":[{"href":"https:\/\/contraluzcucuta.co\/index.php?rest_route=%2Fwp%2Fv2%2Fmedia&parent=13441"}],"wp:term":[{"taxonomy":"category","embeddable":true,"href":"https:\/\/contraluzcucuta.co\/index.php?rest_route=%2Fwp%2Fv2%2Fcategories&post=13441"},{"taxonomy":"post_tag","embeddable":true,"href":"https:\/\/contraluzcucuta.co\/index.php?rest_route=%2Fwp%2Fv2%2Ftags&post=13441"}],"curies":[{"name":"wp","href":"https:\/\/api.w.org\/{rel}","templated":true}]}}