{"id":13435,"date":"2012-08-06T19:21:55","date_gmt":"2012-08-07T00:21:55","guid":{"rendered":"http:\/\/contraluzcucuta.co\/?p=13435"},"modified":"2012-08-06T19:27:48","modified_gmt":"2012-08-07T00:27:48","slug":"a-los-jovenes-de-norte-de-santander-les-abren-las-puertas-de-la-participacion-politica","status":"publish","type":"post","link":"https:\/\/contraluzcucuta.co\/?p=13435","title":{"rendered":"A los j\u00f3venes les abren las puertas de la participaci\u00f3n pol\u00edtica"},"content":{"rendered":"<p><strong>C\u00daCUTA.-<\/strong> A los j\u00f3venes nortesantandereanos se les abre la oportunidad de participar en las decisiones de los 40 municipios con la conformaci\u00f3n de los Consejos Municipales de Juventud. La Secretar\u00eda de Desarrollo Social, en cumplimiento del Decreto 553 del 21 de junio de 2012, impulsa la elecci\u00f3n de esos \u00f3rganos para el per\u00edodo 2012 \u2013 2015.<\/p>\n<p>La anterior convocatoria, en el 2009, recibi\u00f3 a 32.500 electores, de los cuales 15.000 ejercieron el derecho al voto. \u201cEn esta nueva administraci\u00f3n, esperamos que se nos duplique esa participaci\u00f3n para que cada municipio tenga representantes, voceros e interlocutores\u201d en los gobiernos locales y departamental, dijo la titular del despacho Eleonora Gal\u00e1n Villamizar.<\/p>\n<p>La Registradur\u00eda Nacional fij\u00f3 las siguientes fechas para el proceso:<\/p>\n<p><strong>1.-<\/strong> 15 de agosto. Vencer\u00e1 el plazo para la inscripci\u00f3n de los electores en los sitios dispuestos en cada municipio.<\/p>\n<p><strong>2.-<\/strong> Del primero al 28 de septiembre. Inscripci\u00f3n de candidatos<\/p>\n<p><strong>3.-<\/strong> 30 de octubre. Elecci\u00f3n de los consejeros municipales de juventud.<\/p>\n<p><strong>4.-<\/strong> 11 de noviembre. Toma de posesi\u00f3n.<\/p>\n<p>La Gobernaci\u00f3n motiva a cada uno de los 40 municipios para que en los j\u00f3venes despierte el inter\u00e9s por la participaci\u00f3n y haya incentivos entre los l\u00edderes. Los interesados en conformar los \u00f3rganos de participaci\u00f3n pol\u00edtica deben ser mayores de 14 a\u00f1os y menores de 26.<\/p>\n<p>\u201cCada uno de estos j\u00f3venes debe tener voluntad y hacer su representaci\u00f3n con mucho empe\u00f1o y mucho liderazgo\u201d, dijo Gal\u00e1n Villamizar.<\/p>\n<p>Los elegidos tomar\u00e1n posesi\u00f3n el 11 de noviembre y desde ese momento empezar\u00e1n la articulaci\u00f3n del trabajo con las entidades locales y seccionales para garantizar la presencia de la juventud en las decisiones pol\u00edticas del departamento. <\/p>\n","protected":false},"excerpt":{"rendered":"<p>C\u00daCUTA.- A los j\u00f3venes nortesantandereanos se les abre la oportunidad de participar en las decisiones de los 40 municipios con la conformaci\u00f3n de los Consejos Municipales de Juventud. La Secretar\u00eda de Desarrollo Social, en cumplimiento del Decreto 553 del 21 de junio de 2012, impulsa la elecci\u00f3n de esos \u00f3rganos para el per\u00edodo 2012 \u2013 &hellip;<\/p>\n","protected":false},"author":1,"featured_media":13436,"comment_status":"open","ping_status":"open","sticky":false,"template":"","format":"standard","meta":{"footnotes":""},"categories":[4,9],"tags":[367,366],"class_list":["post-13435","post","type-post","status-publish","format-standard","has-post-thumbnail","hentry","category-barra","category-politica","tag-eleonora-galan-villamizar","tag-secretaria-de-desarrollo-social-de-norte-de-santander"],"_links":{"self":[{"href":"https:\/\/contraluzcucuta.co\/index.php?rest_route=\/wp\/v2\/posts\/13435","targetHints":{"allow":["GET"]}}],"collection":[{"href":"https:\/\/contraluzcucuta.co\/index.php?rest_route=\/wp\/v2\/posts"}],"about":[{"href":"https:\/\/contraluzcucuta.co\/index.php?rest_route=\/wp\/v2\/types\/post"}],"author":[{"embeddable":true,"href":"https:\/\/contraluzcucuta.co\/index.php?rest_route=\/wp\/v2\/users\/1"}],"replies":[{"embeddable":true,"href":"https:\/\/contraluzcucuta.co\/index.php?rest_route=%2Fwp%2Fv2%2Fcomments&post=13435"}],"version-history":[{"count":3,"href":"https:\/\/contraluzcucuta.co\/index.php?rest_route=\/wp\/v2\/posts\/13435\/revisions"}],"predecessor-version":[{"id":13439,"href":"https:\/\/contraluzcucuta.co\/index.php?rest_route=\/wp\/v2\/posts\/13435\/revisions\/13439"}],"wp:featuredmedia":[{"embeddable":true,"href":"https:\/\/contraluzcucuta.co\/index.php?rest_route=\/wp\/v2\/media\/13436"}],"wp:attachment":[{"href":"https:\/\/contraluzcucuta.co\/index.php?rest_route=%2Fwp%2Fv2%2Fmedia&parent=13435"}],"wp:term":[{"taxonomy":"category","embeddable":true,"href":"https:\/\/contraluzcucuta.co\/index.php?rest_route=%2Fwp%2Fv2%2Fcategories&post=13435"},{"taxonomy":"post_tag","embeddable":true,"href":"https:\/\/contraluzcucuta.co\/index.php?rest_route=%2Fwp%2Fv2%2Ftags&post=13435"}],"curies":[{"name":"wp","href":"https:\/\/api.w.org\/{rel}","templated":true}]}}