{"id":13430,"date":"2012-08-06T18:47:32","date_gmt":"2012-08-06T23:47:32","guid":{"rendered":"http:\/\/contraluzcucuta.co\/?p=13430"},"modified":"2012-08-06T18:47:32","modified_gmt":"2012-08-06T23:47:32","slug":"exembajador-de-espana-recibio-medalla-catedra-de-la-paz","status":"publish","type":"post","link":"https:\/\/contraluzcucuta.co\/?p=13430","title":{"rendered":"Exembajador de Espa\u00f1a recibi\u00f3 medalla \u2018C\u00e1tedra de la paz\u2019"},"content":{"rendered":"<p><strong>PAMPLONA.-<\/strong> El exembajador de Espa\u00f1a en Colombia y ahora embajador en Austria, Yago Pico de Coa\u00f1a y Valicourt, recibi\u00f3 la medalla \u2018C\u00e1tedra de la paz\u2019 como reconocimiento a la labor profesional y personal emprendida por la lucha por la paz en Am\u00e9rica. La distinci\u00f3n la entreg\u00f3 Red Internacional de Universidades para la Paz (Rediunipaz).<\/p>\n<p>En el grupo acad\u00e9mico participa la Universidad de Pamplona (Norte de Santander, junto a\u00a0\u00a0 las de Antioquia, Cartagena, Cauca, Amazonia y Nari\u00f1o, y la Escuela Superior de Administraci\u00f3n P\u00fablica (Easp), en representaci\u00f3n de Colombia.<\/p>\n<p>A la Rediunipaz tambi\u00e9n pertenecen el Instituto de Altos Estudios Europeos y las universidades Complutense de Madrid y Nacional de Educaci\u00f3n a Distancia de Espa\u00f1a (Uned).<\/p>\n<p>Juan Gimeno Ullastres, rector de la Uned y presidente de Rediunipaz, dijo que \u201cla Red pretende propiciar un aprendizaje mutuo que permita construir conciencia de que la paz es el camino y de esta manera aportar a la inclusi\u00f3n social en contribuci\u00f3n a la justicia social&#8221;.<\/p>\n<p>La afirmaci\u00f3n de Ullastres fue respaldada por el presidente del Instituto de Altos Estudios Europeos, Gustavo Palomares Lerma. Dijo que el galardonado \u201cYago Pico de Coa\u00f1a es capaz de conseguir un \u2018encantamiento\u2019 que explica su capacidad para crear confianza, propiciar consensos y puntos de encuentro en las complicadas situaciones que le ha tocado administrar en la dif\u00edcil gesti\u00f3n de la b\u00fasqueda de la paz\u201d.<\/p>\n<p>El reconocimiento obedece a la experiencia y la intermediaci\u00f3n en la facilitaci\u00f3n y resoluci\u00f3n de conflictos, al aportar en el establecimiento de acuerdos de paz y la consolidaci\u00f3n de esos procesos en El Salvador y Guatemala, afectados seriamente por hechos de violencia.<\/p>\n<p>En Colombia, durante su per\u00edodo de seis a\u00f1os como embajador, adelant\u00f3 gestiones en materia de pol\u00edticas de paz. Parte de la herencia son la Comisi\u00f3n internacional de acompa\u00f1amiento a la mesa nacional de di\u00e1logo y negociaci\u00f3n, el Consejo Nacional de Paz y la conformaci\u00f3n del Grupo de pa\u00edses amigos y facilitadores.<\/p>\n<p>Estos grupos de trabajo se instauraron como alternativa de paz y para que mediante el di\u00e1logo permitieran mitigar los efectos de la violencia en el pa\u00eds.<\/p>\n<p>El presidente del Parlamento Andino, H\u00e9ctor Hel\u00ed Rojas, defendi\u00f3 la pol\u00edtica de integraci\u00f3n regional como \u201cuno de los caminos para la construcci\u00f3n de la paz. Nuestra misi\u00f3n es contribuir a esta integraci\u00f3n de ciudadanos andinos, plenos de derechos, justicia y con acceso a la educaci\u00f3n como instrumento de paz y prosperidad\u201d.<\/p>\n<p>Luego de recibir la distinci\u00f3n, Pico de Coa\u00f1a comparti\u00f3 el vasto conocimiento con el auditorio en la Sede Central del Parlamento Andino, por medio de la C\u00e1tedra de la Paz (que hace parte del programa Construyendo la paz a trav\u00e9s de la formaci\u00f3n).<\/p>\n<p>Precis\u00f3 el papel que desempe\u00f1a un facilitador para alcanzar objetivos de paz:<\/p>\n<p><strong>1.-<\/strong> Saber reconocer una voluntad pol\u00edtica real y constituirse en facilitador escalonadamente \u00fanico<\/p>\n<p><strong>2.-<\/strong> Tener claros los valores de la discreci\u00f3n y la tolerancia, pues nacen del conocimiento<\/p>\n<p><strong>3.-<\/strong> Saber que la paz es hija de una pol\u00edtica de Estado y no de Gobierno<\/p>\n<p><strong>4.-<\/strong> Saber que la victoria militar no es posible, hay que trasformar al contendiente<\/p>\n<p><strong>5.-<\/strong> Renunciar al miedo y reconocer la humanidad del otro y as\u00ed conseguir un sentimiento compactado de los actores para identificar al enemigo com\u00fan: los que no quieren la paz.<\/p>\n<p>\u201cArriesgarse es perder un poco, no arriesgarse es perderlo todo. Yo prefiero arriesgarme, para no perderlo todo\u201d, dijo el Embajador al finalizar la c\u00e1tedra. Motiv\u00f3 al di\u00e1logo y a la educaci\u00f3n como medios para la construcci\u00f3n de la paz, que afloren en un Estado de Derecho mediante un nuevo contrato social.<\/p>\n<p>&nbsp; <\/p>\n","protected":false},"excerpt":{"rendered":"<p>PAMPLONA.- El exembajador de Espa\u00f1a en Colombia y ahora embajador en Austria, Yago Pico de Coa\u00f1a y Valicourt, recibi\u00f3 la medalla \u2018C\u00e1tedra de la paz\u2019 como reconocimiento a la labor profesional y personal emprendida por la lucha por la paz en Am\u00e9rica. La distinci\u00f3n la entreg\u00f3 Red Internacional de Universidades para la Paz (Rediunipaz). En &hellip;<\/p>\n","protected":false},"author":1,"featured_media":13431,"comment_status":"open","ping_status":"open","sticky":false,"template":"","format":"standard","meta":{"footnotes":""},"categories":[74,4],"tags":[363,364,365],"class_list":["post-13430","post","type-post","status-publish","format-standard","has-post-thumbnail","hentry","category-aula-universitaria","category-barra","tag-embajador-de-espana-en-austria","tag-exembajador-de-espana-en-colombia","tag-yago-pico-de-coana"],"_links":{"self":[{"href":"https:\/\/contraluzcucuta.co\/index.php?rest_route=\/wp\/v2\/posts\/13430","targetHints":{"allow":["GET"]}}],"collection":[{"href":"https:\/\/contraluzcucuta.co\/index.php?rest_route=\/wp\/v2\/posts"}],"about":[{"href":"https:\/\/contraluzcucuta.co\/index.php?rest_route=\/wp\/v2\/types\/post"}],"author":[{"embeddable":true,"href":"https:\/\/contraluzcucuta.co\/index.php?rest_route=\/wp\/v2\/users\/1"}],"replies":[{"embeddable":true,"href":"https:\/\/contraluzcucuta.co\/index.php?rest_route=%2Fwp%2Fv2%2Fcomments&post=13430"}],"version-history":[{"count":3,"href":"https:\/\/contraluzcucuta.co\/index.php?rest_route=\/wp\/v2\/posts\/13430\/revisions"}],"predecessor-version":[{"id":13434,"href":"https:\/\/contraluzcucuta.co\/index.php?rest_route=\/wp\/v2\/posts\/13430\/revisions\/13434"}],"wp:featuredmedia":[{"embeddable":true,"href":"https:\/\/contraluzcucuta.co\/index.php?rest_route=\/wp\/v2\/media\/13431"}],"wp:attachment":[{"href":"https:\/\/contraluzcucuta.co\/index.php?rest_route=%2Fwp%2Fv2%2Fmedia&parent=13430"}],"wp:term":[{"taxonomy":"category","embeddable":true,"href":"https:\/\/contraluzcucuta.co\/index.php?rest_route=%2Fwp%2Fv2%2Fcategories&post=13430"},{"taxonomy":"post_tag","embeddable":true,"href":"https:\/\/contraluzcucuta.co\/index.php?rest_route=%2Fwp%2Fv2%2Ftags&post=13430"}],"curies":[{"name":"wp","href":"https:\/\/api.w.org\/{rel}","templated":true}]}}