{"id":13425,"date":"2012-08-06T18:24:04","date_gmt":"2012-08-06T23:24:04","guid":{"rendered":"http:\/\/contraluzcucuta.co\/?p=13425"},"modified":"2012-08-06T18:24:34","modified_gmt":"2012-08-06T23:24:34","slug":"7-de-agosto-dia-del-ejercito-a-izar-el-pabellon","status":"publish","type":"post","link":"https:\/\/contraluzcucuta.co\/?p=13425","title":{"rendered":"7 de agosto, d\u00eda del Ej\u00e9rcito, a izar el pabell\u00f3n"},"content":{"rendered":"<p><strong>C\u00daCUTA.-<\/strong> El Ej\u00e9rcito llam\u00f3 a la poblaci\u00f3n civil a izar, este 7 de agosto, el tricolor nacional para rendir homenaje a los hombres que lucharon en la Batalla de Boyac\u00e1 y que hoy reflejan esas haza\u00f1as y valores en quienes como ellos defienden a Colombia d\u00eda a d\u00eda.<\/p>\n<p>Hombres, mujeres y civiles de la Brigada Treinta del Ej\u00e9rcito dieron inicio a las actividades conmemorativas del aniversario 193. La ceremonia militar se cumpli\u00f3 en la Plaza de Armas del Cant\u00f3n San Jorge.<\/p>\n<p>En el acto fueron condecorados oficiales, suboficiales y soldados de los \u00a0\u00a0batallones org\u00e1nicos de la Unidad Operativa Menor. Con la imposici\u00f3n de la medalla General Jos\u00e9 Mar\u00eda C\u00f3rdova se reconocieron las virtudes militares de quienes han\u00a0 servido a la patria desde las filas del Ej\u00e9rcito y se impuso la medalla por tiempo de servicio a la Instituci\u00f3n Castrense.<\/p>\n<p>Este 7 de agosto, se conmemoran los 193 a\u00f1os de creaci\u00f3n del Ej\u00e9rcito. La Brigada Treinta tendr\u00e1 puestos de control en las principales entradas y salidas de C\u00facuta hacia Oca\u00f1a, Pamplona y Tib\u00fa.<\/p>\n<p>El prop\u00f3sito es acercarse a la\u00a0 comunidad para que suministre informaci\u00f3n que permita\u00a0\u00a0 a los soldados mantener la seguridad en los ejes viales y responder a las necesidades de los ciudadanos.<\/p>\n<p>&nbsp; <\/p>\n","protected":false},"excerpt":{"rendered":"<p>C\u00daCUTA.- El Ej\u00e9rcito llam\u00f3 a la poblaci\u00f3n civil a izar, este 7 de agosto, el tricolor nacional para rendir homenaje a los hombres que lucharon en la Batalla de Boyac\u00e1 y que hoy reflejan esas haza\u00f1as y valores en quienes como ellos defienden a Colombia d\u00eda a d\u00eda. Hombres, mujeres y civiles de la Brigada &hellip;<\/p>\n","protected":false},"author":1,"featured_media":13426,"comment_status":"open","ping_status":"open","sticky":false,"template":"","format":"standard","meta":{"footnotes":""},"categories":[11,4],"tags":[299,362],"class_list":["post-13425","post","type-post","status-publish","format-standard","has-post-thumbnail","hentry","category-cronica-roja","category-barra","tag-ejercito-de-colombia","tag-pabellon-nacional"],"_links":{"self":[{"href":"https:\/\/contraluzcucuta.co\/index.php?rest_route=\/wp\/v2\/posts\/13425","targetHints":{"allow":["GET"]}}],"collection":[{"href":"https:\/\/contraluzcucuta.co\/index.php?rest_route=\/wp\/v2\/posts"}],"about":[{"href":"https:\/\/contraluzcucuta.co\/index.php?rest_route=\/wp\/v2\/types\/post"}],"author":[{"embeddable":true,"href":"https:\/\/contraluzcucuta.co\/index.php?rest_route=\/wp\/v2\/users\/1"}],"replies":[{"embeddable":true,"href":"https:\/\/contraluzcucuta.co\/index.php?rest_route=%2Fwp%2Fv2%2Fcomments&post=13425"}],"version-history":[{"count":3,"href":"https:\/\/contraluzcucuta.co\/index.php?rest_route=\/wp\/v2\/posts\/13425\/revisions"}],"predecessor-version":[{"id":13429,"href":"https:\/\/contraluzcucuta.co\/index.php?rest_route=\/wp\/v2\/posts\/13425\/revisions\/13429"}],"wp:featuredmedia":[{"embeddable":true,"href":"https:\/\/contraluzcucuta.co\/index.php?rest_route=\/wp\/v2\/media\/13426"}],"wp:attachment":[{"href":"https:\/\/contraluzcucuta.co\/index.php?rest_route=%2Fwp%2Fv2%2Fmedia&parent=13425"}],"wp:term":[{"taxonomy":"category","embeddable":true,"href":"https:\/\/contraluzcucuta.co\/index.php?rest_route=%2Fwp%2Fv2%2Fcategories&post=13425"},{"taxonomy":"post_tag","embeddable":true,"href":"https:\/\/contraluzcucuta.co\/index.php?rest_route=%2Fwp%2Fv2%2Ftags&post=13425"}],"curies":[{"name":"wp","href":"https:\/\/api.w.org\/{rel}","templated":true}]}}