{"id":13415,"date":"2012-08-04T11:59:43","date_gmt":"2012-08-04T16:59:43","guid":{"rendered":"http:\/\/contraluzcucuta.co\/?p=13415"},"modified":"2012-08-04T11:59:43","modified_gmt":"2012-08-04T16:59:43","slug":"gramalote-sigue-vivo-2","status":"publish","type":"post","link":"https:\/\/contraluzcucuta.co\/?p=13415","title":{"rendered":"Gramalote \u2018sigue vivo\u2019"},"content":{"rendered":"<p><strong>C\u00daCUTA.-<\/strong> El grito que lanzaron los gramaloteros y que\u00a0ha servido como lema de la campa\u00f1a para evitar el olvido, cobra fuerza con la decisi\u00f3n del Fondo de Adaptaci\u00f3n de mantener disponibles los $87.000 millones, \u201chasta el momento en que se inicie la reconstrucci\u00f3n\u201d del nuevo municipio.<\/p>\n<p>\u2018Gramalote vive\u2019 comenzaron a decir los damnificados al otro d\u00eda de la tragedia, ocurrida el 17 de diciembre de 2010. A pesar del dolor por la destrucci\u00f3n del casco urbano, los hijos del pueblo sintieron la necesidad de darse aliento mutuo y lo han conseguido en los \u00faltimos 19 meses. Ahora, Gramalote &#8216;sigue vivo&#8217; en el presupuesto de la naci\u00f3n.<\/p>\n<p>La Mesa de Trabajo para el Reasentamiento de Gramalote, presidida por la\u00a0 gerenta del Fondo de Adaptaci\u00f3n, Cecilia \u00c1lvarez-Correa Glen, y conformada por el gobernador Edgar D\u00edaz, la alcaldesa Sonia Rodr\u00edguez y representantes de la comunidad, lleg\u00f3 a los siguientes acuerdos:<\/p>\n<p><strong>1.-<\/strong> Incluir a la veedur\u00eda del proceso y a las asociaciones comunitarias en el trabajo de la Mesa. El padre Fabi\u00e1n Stapper, por parte de la veedur\u00eda, y Pedro Ruiz, por las asociaciones, entregar\u00e1n documentos que certifiquen que son los representantes y especificar\u00e1n c\u00f3mo quieren participar y qu\u00e9 ejercicios proponen.<\/p>\n<p><strong>2.-<\/strong> Continuar en la b\u00fasqueda del lote que cumpla con las necesidades de reubicaci\u00f3n de los gramaloteros. La Sociedad Colombiana de Geolog\u00eda visitar\u00e1 los terrenos en Pomarroso y Miraflores para analizar la situaci\u00f3n y recomendar las acciones que deben seguirse. Los mapas de amenazas en los dos lotes los elabor\u00f3 el Servicio Geol\u00f3gico Colombiano\u00a0en escenario de sismo superior a seis, y fueron terminados dentro del calendario establecido por el Fondo de Adaptaci\u00f3n.<\/p>\n<p><strong>3.-<\/strong> No habr\u00e1 caducidad para los recursos asignados para la reconstrucci\u00f3n de Gramalote. Los $87.000 millones asignados, continuar\u00e1n disponibles hasta el comienzo de \u00a0la reconstrucci\u00f3n.<\/p>\n<p><strong>4.-<\/strong> El costo de los estudios geol\u00f3gicos y de la gesti\u00f3n social que adelanta la Universidad Sim\u00f3n Bol\u00edvar no est\u00e1n cargados a los $87.000 millones. El presupuesto se mantendr\u00e1 intacto.<\/p>\n<p>Los gramaloteros, a partir del 17 de diciembre del 2010, se han \u201cexcedido en paciencia, sobrellevando la tolerancia y mostrando amabilidad hacia el Gobierno\u201d. Esta es la percepci\u00f3n de los nortesantandereanos, seg\u00fan Camacol, en el tiempo trascurrido a partir de la tragedia que acab\u00f3 con el municipio.<\/p>\n<p>&nbsp; <\/p>\n","protected":false},"excerpt":{"rendered":"<p>C\u00daCUTA.- El grito que lanzaron los gramaloteros y que\u00a0ha servido como lema de la campa\u00f1a para evitar el olvido, cobra fuerza con la decisi\u00f3n del Fondo de Adaptaci\u00f3n de mantener disponibles los $87.000 millones, \u201chasta el momento en que se inicie la reconstrucci\u00f3n\u201d del nuevo municipio. \u2018Gramalote vive\u2019 comenzaron a decir los damnificados al otro &hellip;<\/p>\n","protected":false},"author":1,"featured_media":13417,"comment_status":"open","ping_status":"open","sticky":false,"template":"","format":"standard","meta":{"footnotes":""},"categories":[32],"tags":[361,13],"class_list":["post-13415","post","type-post","status-publish","format-standard","has-post-thumbnail","hentry","category-recorrido-por-la-region","tag-fondo-de-adaptacion","tag-gramalote"],"_links":{"self":[{"href":"https:\/\/contraluzcucuta.co\/index.php?rest_route=\/wp\/v2\/posts\/13415","targetHints":{"allow":["GET"]}}],"collection":[{"href":"https:\/\/contraluzcucuta.co\/index.php?rest_route=\/wp\/v2\/posts"}],"about":[{"href":"https:\/\/contraluzcucuta.co\/index.php?rest_route=\/wp\/v2\/types\/post"}],"author":[{"embeddable":true,"href":"https:\/\/contraluzcucuta.co\/index.php?rest_route=\/wp\/v2\/users\/1"}],"replies":[{"embeddable":true,"href":"https:\/\/contraluzcucuta.co\/index.php?rest_route=%2Fwp%2Fv2%2Fcomments&post=13415"}],"version-history":[{"count":2,"href":"https:\/\/contraluzcucuta.co\/index.php?rest_route=\/wp\/v2\/posts\/13415\/revisions"}],"predecessor-version":[{"id":13419,"href":"https:\/\/contraluzcucuta.co\/index.php?rest_route=\/wp\/v2\/posts\/13415\/revisions\/13419"}],"wp:featuredmedia":[{"embeddable":true,"href":"https:\/\/contraluzcucuta.co\/index.php?rest_route=\/wp\/v2\/media\/13417"}],"wp:attachment":[{"href":"https:\/\/contraluzcucuta.co\/index.php?rest_route=%2Fwp%2Fv2%2Fmedia&parent=13415"}],"wp:term":[{"taxonomy":"category","embeddable":true,"href":"https:\/\/contraluzcucuta.co\/index.php?rest_route=%2Fwp%2Fv2%2Fcategories&post=13415"},{"taxonomy":"post_tag","embeddable":true,"href":"https:\/\/contraluzcucuta.co\/index.php?rest_route=%2Fwp%2Fv2%2Ftags&post=13415"}],"curies":[{"name":"wp","href":"https:\/\/api.w.org\/{rel}","templated":true}]}}