{"id":13408,"date":"2012-08-04T11:10:15","date_gmt":"2012-08-04T16:10:15","guid":{"rendered":"http:\/\/contraluzcucuta.co\/?p=13408"},"modified":"2012-08-04T11:15:48","modified_gmt":"2012-08-04T16:15:48","slug":"cucuta-y-villa-del-rosario-en-el-ojo-de-la-policia","status":"publish","type":"post","link":"https:\/\/contraluzcucuta.co\/?p=13408","title":{"rendered":"C\u00facuta y Villa del Rosario, en el ojo de la Polic\u00eda"},"content":{"rendered":"<p><strong>C\u00daCUTA.- <\/strong>Setecientos agentes enviados desde Bogot\u00e1 apoyar\u00e1n a la Polic\u00eda Metropolitana de C\u00facuta (Mecuc) para cuidar a C\u00facuta y Villa del Rosario. El trabajo conjunto permitir\u00e1 contrarrestar los delitos que atentan contra la seguridad ciudadana, la vida, el patrimonio econ\u00f3mico y la econom\u00eda local.<\/p>\n<p>La ofensiva institucional comenz\u00f3 el 28 de julio y se extender\u00e1 hasta el 28 de agosto, en cumplimiento de la estrategia de \u2018Apoyo y acompa\u00f1amiento\u2019. La Polic\u00eda adelant\u00f3 id\u00e9ntico programa en 24 ciudades y municipios de Colombia.<\/p>\n<p>Entre los uniformados que llegaron a la ciudad destacan integrantes de grupos especializados de las Seccionales de Investigaci\u00f3n Criminal (Sij\u00edn) y de Inteligencia Policial (Sipol).<\/p>\n<p>En el octavo mes del a\u00f1o, en las dos localidades fronterizas se fortalecer\u00e1n las actividades investigativas y de inteligencia. Para el desarrollo de las labores \u00a0ser\u00e1 fundamental el apoyo de equipos de alta tecnolog\u00eda tra\u00eddos desde la capital del pa\u00eds. La meta es cerrarles el camino criminal y controlar tecnol\u00f3gicamente a las organizaciones delincuenciales y organizadas.<\/p>\n<p>La ofensiva operativa en C\u00facuta y Villa del Rosario corresponde a las 16 estrategias del programa \u2018Coraz\u00f3n Verde\u2019 de la Polic\u00eda. La finalidad es atacar los fen\u00f3menos delictivos, en especial la presencia de las bandas criminales, el homicidio, el hurto, la microextorsi\u00f3n, el microtr\u00e1fico y el contrabando de hidrocarburos.<\/p>\n<p>En Villa del Rosario las acciones policiales se focalizar\u00e1n en La Parada, Gramalote y Juan Fr\u00edo, georeferenciados como epicentros para la presencia y delinquir de las organizaciones al margen de la ley. En estos lugares la Polic\u00eda Metropolitana ha dado contundentes golpes a las estructuras y las finanzas de las bandas.<\/p>\n<p>Las operaciones se alternar\u00e1n con actividades de prevenci\u00f3n, disuasi\u00f3n y control del delito. En esas acciones trabajar\u00e1n personal adscrito al \u2018Plan Nacional de Vigilancia Comunitaria por Cuadrantes\u2019, Seccionales de Tr\u00e1nsito y Trasportes (Setra), Infancia y Adolescencia, Antinarc\u00f3ticos, Escuadr\u00f3n M\u00f3vil de Carabineros (Emcar), Grupo Fuerza de Control Urbano (Fucur), Grupo de Operaciones Especiales (Goes), Polic\u00eda de Carabineros y Polic\u00eda Fiscal y Aduanera (Polfa).<\/p>\n<p>Los agentes se tomar\u00e1n las calles y las avenidas de los dos municipios para contrarrestar la delincuencia y las contravenciones que alteran la seguridad y la convivencia ciudadanas.<\/p>\n<p>La recuperaci\u00f3n y el mantenimiento del espacio p\u00fablico har\u00e1n parte de los focos de atenci\u00f3n, mediante \u00a0planes especiales de control que involucren la regulaci\u00f3n de la movilidad, el despeje de v\u00edas p\u00fablicas y el control de ventas ambulantes.<\/p>\n<p>La parte preventiva estar\u00e1 enfocada a la organizaci\u00f3n de campa\u00f1as de prevenci\u00f3n y educaci\u00f3n ciudadana, tendientes a contrarrestar el porte ilegal de armas, la utilizaci\u00f3n de menores de edad en la comisi\u00f3n de delitos, la drogadicci\u00f3n y el alcoholismo, los delitos sexuales, la extorsi\u00f3n, el hurto a personas, residencias, comercio, celulares y automotores y reducci\u00f3n de la accidentalidad vial.<\/p>\n<p>&nbsp; <\/p>\n","protected":false},"excerpt":{"rendered":"<p>C\u00daCUTA.- Setecientos agentes enviados desde Bogot\u00e1 apoyar\u00e1n a la Polic\u00eda Metropolitana de C\u00facuta (Mecuc) para cuidar a C\u00facuta y Villa del Rosario. El trabajo conjunto permitir\u00e1 contrarrestar los delitos que atentan contra la seguridad ciudadana, la vida, el patrimonio econ\u00f3mico y la econom\u00eda local. La ofensiva institucional comenz\u00f3 el 28 de julio y se extender\u00e1 &hellip;<\/p>\n","protected":false},"author":1,"featured_media":13412,"comment_status":"open","ping_status":"open","sticky":false,"template":"","format":"standard","meta":{"footnotes":""},"categories":[11,4],"tags":[163],"class_list":["post-13408","post","type-post","status-publish","format-standard","has-post-thumbnail","hentry","category-cronica-roja","category-barra","tag-policia-metropolitana"],"_links":{"self":[{"href":"https:\/\/contraluzcucuta.co\/index.php?rest_route=\/wp\/v2\/posts\/13408","targetHints":{"allow":["GET"]}}],"collection":[{"href":"https:\/\/contraluzcucuta.co\/index.php?rest_route=\/wp\/v2\/posts"}],"about":[{"href":"https:\/\/contraluzcucuta.co\/index.php?rest_route=\/wp\/v2\/types\/post"}],"author":[{"embeddable":true,"href":"https:\/\/contraluzcucuta.co\/index.php?rest_route=\/wp\/v2\/users\/1"}],"replies":[{"embeddable":true,"href":"https:\/\/contraluzcucuta.co\/index.php?rest_route=%2Fwp%2Fv2%2Fcomments&post=13408"}],"version-history":[{"count":4,"href":"https:\/\/contraluzcucuta.co\/index.php?rest_route=\/wp\/v2\/posts\/13408\/revisions"}],"predecessor-version":[{"id":13413,"href":"https:\/\/contraluzcucuta.co\/index.php?rest_route=\/wp\/v2\/posts\/13408\/revisions\/13413"}],"wp:featuredmedia":[{"embeddable":true,"href":"https:\/\/contraluzcucuta.co\/index.php?rest_route=\/wp\/v2\/media\/13412"}],"wp:attachment":[{"href":"https:\/\/contraluzcucuta.co\/index.php?rest_route=%2Fwp%2Fv2%2Fmedia&parent=13408"}],"wp:term":[{"taxonomy":"category","embeddable":true,"href":"https:\/\/contraluzcucuta.co\/index.php?rest_route=%2Fwp%2Fv2%2Fcategories&post=13408"},{"taxonomy":"post_tag","embeddable":true,"href":"https:\/\/contraluzcucuta.co\/index.php?rest_route=%2Fwp%2Fv2%2Ftags&post=13408"}],"curies":[{"name":"wp","href":"https:\/\/api.w.org\/{rel}","templated":true}]}}