{"id":13400,"date":"2012-08-04T06:33:31","date_gmt":"2012-08-04T11:33:31","guid":{"rendered":"http:\/\/contraluzcucuta.co\/?p=13400"},"modified":"2012-08-04T06:33:31","modified_gmt":"2012-08-04T11:33:31","slug":"colombia-tendra-otras-seis-megacarceles-minjusticia","status":"publish","type":"post","link":"https:\/\/contraluzcucuta.co\/?p=13400","title":{"rendered":"Colombia tendr\u00e1 otras seis \u2018megac\u00e1rceles&#8217;: Minjusticia"},"content":{"rendered":"<p>&nbsp;<\/p>\n<p><strong>C\u00daCUTA.-<\/strong> En el 2015, se entregar\u00e1n dos de las seis \u2018megac\u00e1rcerles\u2019 que se construir\u00e1n en el pa\u00eds. Las nuevas estructuras est\u00e1n pensadas para combatir el hacinamiento existente en los centros penitenciarios colombianos, y estar\u00e1n en las afueras de las ciudades escogidas.<\/p>\n<p>La ministra de justicia y del derecho Ruth Stella Correa hizo el anuncio en C\u00facuta, el 3 de agosto, en un par\u00e9ntesis de su participaci\u00f3n en el octavo congreso Internacional de Derecho Procesal.<\/p>\n<p>\u201cEn este momento se est\u00e1 en la etapa precontractual y de estructuraci\u00f3n de los proyectos para la construcci\u00f3n de seis \u2018megac\u00e1rceles\u2019 fuera de los centros urbanos\u201d, reiter\u00f3.<\/p>\n<p>El Ministerio trabaja en dos direcciones para menguar la sobrepoblaci\u00f3n en las penitenciar\u00edas nacionales:<\/p>\n<p><strong>1.- Solicitud de libertad<\/strong>. La cartera de Justicia y Derecho pedir\u00e1 a los jueces de ejecuciones de penas que liberen a aquellos reos que tienen derecho por haber cumplido las dos terceras partes de la condena.<\/p>\n<p>\u201cPara esos efectos vamos a hablar con las facultades de derecho en Colombia para que nos proporcionen a sus practicantes que tienen la competencia y la capacidad para formular peticiones a los jueces\u201d, dijo la ministra Correa.<\/p>\n<p>La medida est\u00e1 unida a la petici\u00f3n llevada ante el Consejo Superior de la Judicatura para que fortalezca el n\u00famero de jueces en el pa\u00eds. \u201cEsta medida podr\u00e1 aliviar considerablemente el hacinamiento\u201d.<\/p>\n<p><strong>2.- Entrega de establecimientos carcelarios<\/strong>. \u201cHemos estado recibiendo nuevos establecimientos carcelarios o anexos a los existentes y estamos empezando a ocuparlos\u201d. Esta semana, fueron trasladados 800 internos; \u00a0en octubre, se espera el traslado de 2000 m\u00e1s, y en diciembre, otros 2000 para completar\u00a0 los cupos disponibles.<\/p>\n<p>La meta proyectada para finales de a\u00f1o depende, sobre todo, de que el nuevo contingente de guardias haya empezado a operar, porque son indispensables para cuidar los centros penitenciarios.<\/p>\n<p>Otro problema que se vive en las c\u00e1rceles es la tenencia de tel\u00e9fonos celulares por parte de los internos. Ante esta situaci\u00f3n, la ministra Ruth Stella Correa indic\u00f3 que\u00a0 al instalar un bloqueador de se\u00f1ales se afectan los vecinos. La Corte Constitucional, mediante sentencia, protegi\u00f3 los derechos fundamentales de los residentes cerca a las penitenciar\u00edas.<\/p>\n<p>Las c\u00e1rceles que todav\u00eda est\u00e1n dentro de las ciudades, como en el caso de C\u00facuta, es dif\u00edcil de llegar a la inhibici\u00f3n de la se\u00f1al, porque puede violar derechos fundamentales de los vecinos.<\/p>\n<p>\u201cTenemos que trabajar con los elementos con que contamos para lograr una soluci\u00f3n inmediata para menguar\u00a0 los problemas que hay en las c\u00e1rceles\u201d, dijo la Ministra.<\/p>\n<p>La petici\u00f3n al Consejo Superior de la Judicatura fue en general para el pa\u00eds, porque el problema del hacinamiento no es solo de Bogot\u00e1. \u201cEsperamos que estudie en qu\u00e9 lugar falta reforzamiento con estos jueces y proceda a destinar a algunos funcionarios de descongesti\u00f3n\u201d.<\/p>\n<p>El gobernador Edgar D\u00edaz aprovech\u00f3 la instalaci\u00f3n del Congreso para solicitarle a la ministra Ruth Stella Correa capacitaci\u00f3n jur\u00eddica para los funcionarios departamentales.<\/p>\n<p>El objetivo es que \u00a0los empelados p\u00fablicos conozcan las normas y la trasformaci\u00f3n de la justicia para defender al departamento.<\/p>\n<p>La actividad acad\u00e9mica se extender\u00e1 hasta el 4 de agosto y contar\u00e1 con la participaci\u00f3n de juristas nacionales y ponentes provenientes de Chile, Espa\u00f1a y Venezuela.<\/p>\n<p><strong>RAFAEL ANTONIO PAB\u00d3N<\/strong><\/p>\n<p><a href=\"mailto:rafaelpabon58@hotmail.com\">rafaelpabon58@hotmail.com<\/a><\/p>\n<p>&nbsp; <\/p>\n","protected":false},"excerpt":{"rendered":"<p>&nbsp; C\u00daCUTA.- En el 2015, se entregar\u00e1n dos de las seis \u2018megac\u00e1rcerles\u2019 que se construir\u00e1n en el pa\u00eds. Las nuevas estructuras est\u00e1n pensadas para combatir el hacinamiento existente en los centros penitenciarios colombianos, y estar\u00e1n en las afueras de las ciudades escogidas. La ministra de justicia y del derecho Ruth Stella Correa hizo el anuncio &hellip;<\/p>\n","protected":false},"author":1,"featured_media":13401,"comment_status":"open","ping_status":"open","sticky":false,"template":"","format":"standard","meta":{"footnotes":""},"categories":[4,5],"tags":[358,359],"class_list":["post-13400","post","type-post","status-publish","format-standard","has-post-thumbnail","hentry","category-barra","category-justicia-transicional","tag-ministra-de-justicia","tag-ruth-stella-correa"],"_links":{"self":[{"href":"https:\/\/contraluzcucuta.co\/index.php?rest_route=\/wp\/v2\/posts\/13400","targetHints":{"allow":["GET"]}}],"collection":[{"href":"https:\/\/contraluzcucuta.co\/index.php?rest_route=\/wp\/v2\/posts"}],"about":[{"href":"https:\/\/contraluzcucuta.co\/index.php?rest_route=\/wp\/v2\/types\/post"}],"author":[{"embeddable":true,"href":"https:\/\/contraluzcucuta.co\/index.php?rest_route=\/wp\/v2\/users\/1"}],"replies":[{"embeddable":true,"href":"https:\/\/contraluzcucuta.co\/index.php?rest_route=%2Fwp%2Fv2%2Fcomments&post=13400"}],"version-history":[{"count":2,"href":"https:\/\/contraluzcucuta.co\/index.php?rest_route=\/wp\/v2\/posts\/13400\/revisions"}],"predecessor-version":[{"id":13403,"href":"https:\/\/contraluzcucuta.co\/index.php?rest_route=\/wp\/v2\/posts\/13400\/revisions\/13403"}],"wp:featuredmedia":[{"embeddable":true,"href":"https:\/\/contraluzcucuta.co\/index.php?rest_route=\/wp\/v2\/media\/13401"}],"wp:attachment":[{"href":"https:\/\/contraluzcucuta.co\/index.php?rest_route=%2Fwp%2Fv2%2Fmedia&parent=13400"}],"wp:term":[{"taxonomy":"category","embeddable":true,"href":"https:\/\/contraluzcucuta.co\/index.php?rest_route=%2Fwp%2Fv2%2Fcategories&post=13400"},{"taxonomy":"post_tag","embeddable":true,"href":"https:\/\/contraluzcucuta.co\/index.php?rest_route=%2Fwp%2Fv2%2Ftags&post=13400"}],"curies":[{"name":"wp","href":"https:\/\/api.w.org\/{rel}","templated":true}]}}