{"id":13396,"date":"2012-08-04T06:17:20","date_gmt":"2012-08-04T11:17:20","guid":{"rendered":"http:\/\/contraluzcucuta.co\/?p=13396"},"modified":"2012-08-04T06:17:20","modified_gmt":"2012-08-04T11:17:20","slug":"cucuta-deportivo-buscara-otro-triunfo-en-tunja","status":"publish","type":"post","link":"https:\/\/contraluzcucuta.co\/?p=13396","title":{"rendered":"C\u00facuta Deportivo buscar\u00e1 otro triunfo en Tunja"},"content":{"rendered":"<p><strong>C\u00daCUTA.-<\/strong> Alentado por el buen comienzo en el torneo y por el regreso de la confianza a la afici\u00f3n, el C\u00facuta Deportivo enfrentar\u00e1 este s\u00e1bado (4 de agosto) al Patriotas, en Tunja.<\/p>\n<p>La primera presentaci\u00f3n del cuadro rojinegro en Yopal (Casanare), sede temporal, result\u00f3 auspiciosa por el triunfo (2-1) ante Envigado. Los tres puntos conseguidos achican la distancia que lo separa de los equipos llamados a disputar el descenso a la categor\u00eda B del f\u00fatbol colombiano.<\/p>\n<p>Los aficionados siguieron por televisi\u00f3n el partido y al final quedaron satisfechos con la presentaci\u00f3n de los extranjeros contratados para este segundo torneo del a\u00f1o. Tambi\u00e9n dieron buen puntaje a los nacionales tra\u00eddos como refuerzos.<\/p>\n<p>El once motil\u00f3n tendr\u00e1 una novedad en la n\u00f3mina, respecto al grupo debut\u00f3 en el campeonato. Fue incluido el mediocampista Javier Fl\u00f3rez, en remplazo del atacante Eduardo Sarabia, que presenta fatiga muscular en el muslo izquierdo.<\/p>\n<p>Los convocados por el profesor Oscar H\u00e9ctor Quintabani para el encuentro futbol\u00edstico, que comenzar\u00e1 a las 3:15 de la tarde, son:<\/p>\n<p><strong>Arqueros:<\/strong> Luis Estacio y Jos\u00e9 Escobar<\/p>\n<p><strong>Defensas<\/strong>: Juan Camilo Angulo, Dami\u00e1n Malrechauffe, John Lozano, Edwin Del Castillo, Mauricio Duarte.<\/p>\n<p><strong>Volantes<\/strong>: Sebasti\u00e1n Botero, Carlos Caicedo, Jairo Pati\u00f1o, Emanuel Molina, Javier Fl\u00f3rez, Henry palacio, Mateo Figoli y Dayron P\u00e9rez.<\/p>\n<p><strong>Delanteros<\/strong>: Henry Hern\u00e1ndez.<\/p>\n<p>&nbsp; <\/p>\n","protected":false},"excerpt":{"rendered":"<p>C\u00daCUTA.- Alentado por el buen comienzo en el torneo y por el regreso de la confianza a la afici\u00f3n, el C\u00facuta Deportivo enfrentar\u00e1 este s\u00e1bado (4 de agosto) al Patriotas, en Tunja. La primera presentaci\u00f3n del cuadro rojinegro en Yopal (Casanare), sede temporal, result\u00f3 auspiciosa por el triunfo (2-1) ante Envigado. Los tres puntos conseguidos &hellip;<\/p>\n","protected":false},"author":1,"featured_media":13397,"comment_status":"open","ping_status":"open","sticky":false,"template":"","format":"standard","meta":{"footnotes":""},"categories":[28],"tags":[192,357],"class_list":["post-13396","post","type-post","status-publish","format-standard","has-post-thumbnail","hentry","category-vistazo-deportivo","tag-cucuta-deportivo","tag-patriotas"],"_links":{"self":[{"href":"https:\/\/contraluzcucuta.co\/index.php?rest_route=\/wp\/v2\/posts\/13396","targetHints":{"allow":["GET"]}}],"collection":[{"href":"https:\/\/contraluzcucuta.co\/index.php?rest_route=\/wp\/v2\/posts"}],"about":[{"href":"https:\/\/contraluzcucuta.co\/index.php?rest_route=\/wp\/v2\/types\/post"}],"author":[{"embeddable":true,"href":"https:\/\/contraluzcucuta.co\/index.php?rest_route=\/wp\/v2\/users\/1"}],"replies":[{"embeddable":true,"href":"https:\/\/contraluzcucuta.co\/index.php?rest_route=%2Fwp%2Fv2%2Fcomments&post=13396"}],"version-history":[{"count":2,"href":"https:\/\/contraluzcucuta.co\/index.php?rest_route=\/wp\/v2\/posts\/13396\/revisions"}],"predecessor-version":[{"id":13399,"href":"https:\/\/contraluzcucuta.co\/index.php?rest_route=\/wp\/v2\/posts\/13396\/revisions\/13399"}],"wp:featuredmedia":[{"embeddable":true,"href":"https:\/\/contraluzcucuta.co\/index.php?rest_route=\/wp\/v2\/media\/13397"}],"wp:attachment":[{"href":"https:\/\/contraluzcucuta.co\/index.php?rest_route=%2Fwp%2Fv2%2Fmedia&parent=13396"}],"wp:term":[{"taxonomy":"category","embeddable":true,"href":"https:\/\/contraluzcucuta.co\/index.php?rest_route=%2Fwp%2Fv2%2Fcategories&post=13396"},{"taxonomy":"post_tag","embeddable":true,"href":"https:\/\/contraluzcucuta.co\/index.php?rest_route=%2Fwp%2Fv2%2Ftags&post=13396"}],"curies":[{"name":"wp","href":"https:\/\/api.w.org\/{rel}","templated":true}]}}