{"id":13392,"date":"2012-08-04T06:10:08","date_gmt":"2012-08-04T11:10:08","guid":{"rendered":"http:\/\/contraluzcucuta.co\/?p=13392"},"modified":"2012-08-04T06:10:08","modified_gmt":"2012-08-04T11:10:08","slug":"disenadoras-cucutenas-participaron-en-leather-show-en-bogota","status":"publish","type":"post","link":"https:\/\/contraluzcucuta.co\/?p=13392","title":{"rendered":"Dise\u00f1adoras cucute\u00f1as participaron en Leather Show, en Bogot\u00e1"},"content":{"rendered":"<p><strong>BOGOT\u00c1.-<\/strong> Cinco empresas cucute\u00f1as de calzado y cuero participaron en el XXVI International Footwear &amp; Leather Show (IFLS) y la VIII Exhibici\u00f3n Internacional del Cuero e Insumos Maquinaria y Tecnolog\u00eda (EICI), en Bogot\u00e1.<\/p>\n<p>En la pasarela C\u00facuta Propone Moda, Adriana Aparicio particip\u00f3 con la colecci\u00f3n Top Colour Primavera \u2013 Verano 2013, llena de glamur y romanticismo. Ladys Crespo, con la colecci\u00f3n Sinergia, present\u00f3 la energ\u00eda del clima, colores y elementos de la capital de Norte de Santander, destac\u00e1ndose por la elegancia.<\/p>\n<p>Los dise\u00f1adores de la colecci\u00f3n Mandala, reflejaron una mezcla de colores cl\u00e1sicos con tonalidades de tendencia. Sandra G\u00f3mez se enfoc\u00f3 en la mujer primaveral, con mujeres armoniosas y sensuales que dieron cabida a la colecci\u00f3n con estilo \u00fanico. Llen\u00f3 de color la pasarela con gamas neones, dorados y pasteles.<\/p>\n<p>Los m\u00e1s destacados empresarios de calzado y cuero de Colombia \u00a0tuvieron oportunidad de presentar y promover los productos ante 14.000 compradores mayoristas y detallistas.<\/p>\n<p>La C\u00e1mara de Comercio de C\u00facuta \u00a0apoya la participaci\u00f3n de empresarios de la regi\u00f3n en cert\u00e1menes nacionales y en escenarios internacionales, en los que han logrado el posicionamiento de los productos de C\u00facuta y Norte de Santander, y la conquista de mercados con innovaci\u00f3n y calidad.<\/p>\n<p>En la exposici\u00f3n, organizada por Acicam del 31 de julio al 3 de agosto, el invitado internacional fue Gabriele Corto Moltedo. Su particular estilo entre el luxury-pop-chic en carteras y accesorios \u00a0es comentado, apreciado y reconocido en el mundo de la moda y el jet set.<\/p>\n<p>Sus bolsos son deseados por las celebridades Madonna, Mischa Barton, Kirsten Dunst , Lindsay Lohan, Jessica de Alba y las gemelas Olson<\/p>\n<p>&nbsp; <\/p>\n","protected":false},"excerpt":{"rendered":"<p>BOGOT\u00c1.- Cinco empresas cucute\u00f1as de calzado y cuero participaron en el XXVI International Footwear &amp; Leather Show (IFLS) y la VIII Exhibici\u00f3n Internacional del Cuero e Insumos Maquinaria y Tecnolog\u00eda (EICI), en Bogot\u00e1. En la pasarela C\u00facuta Propone Moda, Adriana Aparicio particip\u00f3 con la colecci\u00f3n Top Colour Primavera \u2013 Verano 2013, llena de glamur y &hellip;<\/p>\n","protected":false},"author":1,"featured_media":13393,"comment_status":"open","ping_status":"open","sticky":false,"template":"","format":"standard","meta":{"footnotes":""},"categories":[45],"tags":[355,356],"class_list":["post-13392","post","type-post","status-publish","format-standard","has-post-thumbnail","hentry","category-destacado","tag-disenadoras-cucutenas","tag-leather-show"],"_links":{"self":[{"href":"https:\/\/contraluzcucuta.co\/index.php?rest_route=\/wp\/v2\/posts\/13392","targetHints":{"allow":["GET"]}}],"collection":[{"href":"https:\/\/contraluzcucuta.co\/index.php?rest_route=\/wp\/v2\/posts"}],"about":[{"href":"https:\/\/contraluzcucuta.co\/index.php?rest_route=\/wp\/v2\/types\/post"}],"author":[{"embeddable":true,"href":"https:\/\/contraluzcucuta.co\/index.php?rest_route=\/wp\/v2\/users\/1"}],"replies":[{"embeddable":true,"href":"https:\/\/contraluzcucuta.co\/index.php?rest_route=%2Fwp%2Fv2%2Fcomments&post=13392"}],"version-history":[{"count":2,"href":"https:\/\/contraluzcucuta.co\/index.php?rest_route=\/wp\/v2\/posts\/13392\/revisions"}],"predecessor-version":[{"id":13395,"href":"https:\/\/contraluzcucuta.co\/index.php?rest_route=\/wp\/v2\/posts\/13392\/revisions\/13395"}],"wp:featuredmedia":[{"embeddable":true,"href":"https:\/\/contraluzcucuta.co\/index.php?rest_route=\/wp\/v2\/media\/13393"}],"wp:attachment":[{"href":"https:\/\/contraluzcucuta.co\/index.php?rest_route=%2Fwp%2Fv2%2Fmedia&parent=13392"}],"wp:term":[{"taxonomy":"category","embeddable":true,"href":"https:\/\/contraluzcucuta.co\/index.php?rest_route=%2Fwp%2Fv2%2Fcategories&post=13392"},{"taxonomy":"post_tag","embeddable":true,"href":"https:\/\/contraluzcucuta.co\/index.php?rest_route=%2Fwp%2Fv2%2Ftags&post=13392"}],"curies":[{"name":"wp","href":"https:\/\/api.w.org\/{rel}","templated":true}]}}