{"id":13388,"date":"2012-08-03T21:34:07","date_gmt":"2012-08-04T02:34:07","guid":{"rendered":"http:\/\/contraluzcucuta.co\/?p=13388"},"modified":"2012-08-03T21:34:07","modified_gmt":"2012-08-04T02:34:07","slug":"al-concejal-julio-velez-gonzalez-se-le-vino-el-mundo-encima","status":"publish","type":"post","link":"https:\/\/contraluzcucuta.co\/?p=13388","title":{"rendered":"Al concejal Julio V\u00e9lez Gonz\u00e1lez \u2018se le vino el mundo encima\u2019"},"content":{"rendered":"<p><strong>C\u00daCUTA.-<\/strong> El comienzo del octavo mes del 2012, no ha sido bueno para el concejal Julio V\u00e9lez Gonz\u00e1lez. Al dirigente pol\u00edtico cucute\u00f1o la vida le dio un vuelco total y nada parece salirle bien. El calvario empez\u00f3 en abril del 2010. Ese d\u00eda, en su casa del barrio Quinta Oriental, su esposa Mar\u00eda Claudia Casta\u00f1o, de 21 a\u00f1os y estudiante de derecho, muri\u00f3 de un disparo en la cabeza.<\/p>\n<p>El primero de agosto, \u00a0le dictaron medida de aseguramiento por presunto homicidio agravado, el concejo neg\u00f3 prorrogarle la licencia no remunerada, el Partido Social de Unidad Nacional (U) le suspendi\u00f3 la militancia y la mayor\u00eda de los cucute\u00f1os lo consideran culpable de la muerte de Mar\u00eda Claudia Casta\u00f1o.<\/p>\n<p>El Juez Segundo Penal del Circuito dict\u00f3, en contra de V\u00e9lez Gonz\u00e1lez, medida de aseguramiento, consistente en detenci\u00f3n preventiva en establecimiento carcelario.<\/p>\n<p>El presidente del Concejo, Jorge Quintero, \u00a0neg\u00f3 la solicitud de pr\u00f3rroga de licencia no remunerada. La decisi\u00f3n la tom\u00f3 basado en el art\u00edculo 134 de la Constituci\u00f3n. La situaci\u00f3n jur\u00eddica configura falta absoluta para el concejal, que lleva a la vacancia del cargo.<\/p>\n<p>El Partido de la U \u00a0tom\u00f3 la decisi\u00f3n de desligarlo como militante, mediante la Resoluci\u00f3n 34 del 2 de agosto, firmada por Jorge Felipe Carre\u00f1o S\u00e1nchez, secretario general (e) de la colectividad.<\/p>\n<p>En el segundo punto del documento reiter\u00f3 el compromiso del Partido, por medio del estamento dirigente, para proceder de \u201cforma diligente y oportuna con medidas preventivas\u201d frente a situaciones o casos que puedan atentar contra los principios fundamentales que rigen al Partido, en concordancia con la ley y los estatutos.<\/p>\n<p>La colectividad consider\u00f3 que el concejal V\u00e9lez Gonz\u00e1lez est\u00e1 vinculado por la justicia ordinaria a una investigaci\u00f3n penal, por presunto homicidio. Con motivo de las determinaciones adoptadas por las autoridades competentes, se ha dictado medida de aseguramiento en centro carcelario.<\/p>\n<p>La directiva de la U tom\u00f3 como fundamento para declarar la suspensi\u00f3n las siguientes normas:<\/p>\n<p><strong>1.-<\/strong> <strong>Ley 130 de 1994<\/strong>. Prev\u00e9 las obligaciones de reg\u00edmenes \u00e9ticos y de control disciplinario en las colectividades pol\u00edticas<\/p>\n<p><strong>2.- Ley 1475 de 2011<\/strong>. Reitera la necesidad de existencia de reg\u00edmenes \u00e9ticos y disciplinarios<\/p>\n<p><strong>3.-<\/strong> <strong>Estatutos del Partido Social de Unidad Nacional<\/strong>. Contemplan en su conjunto situaciones como la acotada que amerita ser considerada por parte del Consejo Nacional de Control \u00c9tico y R\u00e9gimen Disciplinario.<\/p>\n<p>La determinaci\u00f3n se autoriz\u00f3 en la Direcci\u00f3n Nacional, m\u00e1ximo \u00f3rgano rector del Partido, el 12 de junio del 2012, contenida a su vez en el Acta 179.<\/p>\n<p>&nbsp; <\/p>\n","protected":false},"excerpt":{"rendered":"<p>C\u00daCUTA.- El comienzo del octavo mes del 2012, no ha sido bueno para el concejal Julio V\u00e9lez Gonz\u00e1lez. Al dirigente pol\u00edtico cucute\u00f1o la vida le dio un vuelco total y nada parece salirle bien. El calvario empez\u00f3 en abril del 2010. Ese d\u00eda, en su casa del barrio Quinta Oriental, su esposa Mar\u00eda Claudia Casta\u00f1o, &hellip;<\/p>\n","protected":false},"author":1,"featured_media":13389,"comment_status":"open","ping_status":"open","sticky":false,"template":"","format":"standard","meta":{"footnotes":""},"categories":[4,9],"tags":[197,353,354],"class_list":["post-13388","post","type-post","status-publish","format-standard","has-post-thumbnail","hentry","category-barra","category-politica","tag-concejo-de-cucuta","tag-julio-velez-gonzalez","tag-partido-de-la-u"],"_links":{"self":[{"href":"https:\/\/contraluzcucuta.co\/index.php?rest_route=\/wp\/v2\/posts\/13388","targetHints":{"allow":["GET"]}}],"collection":[{"href":"https:\/\/contraluzcucuta.co\/index.php?rest_route=\/wp\/v2\/posts"}],"about":[{"href":"https:\/\/contraluzcucuta.co\/index.php?rest_route=\/wp\/v2\/types\/post"}],"author":[{"embeddable":true,"href":"https:\/\/contraluzcucuta.co\/index.php?rest_route=\/wp\/v2\/users\/1"}],"replies":[{"embeddable":true,"href":"https:\/\/contraluzcucuta.co\/index.php?rest_route=%2Fwp%2Fv2%2Fcomments&post=13388"}],"version-history":[{"count":2,"href":"https:\/\/contraluzcucuta.co\/index.php?rest_route=\/wp\/v2\/posts\/13388\/revisions"}],"predecessor-version":[{"id":13391,"href":"https:\/\/contraluzcucuta.co\/index.php?rest_route=\/wp\/v2\/posts\/13388\/revisions\/13391"}],"wp:featuredmedia":[{"embeddable":true,"href":"https:\/\/contraluzcucuta.co\/index.php?rest_route=\/wp\/v2\/media\/13389"}],"wp:attachment":[{"href":"https:\/\/contraluzcucuta.co\/index.php?rest_route=%2Fwp%2Fv2%2Fmedia&parent=13388"}],"wp:term":[{"taxonomy":"category","embeddable":true,"href":"https:\/\/contraluzcucuta.co\/index.php?rest_route=%2Fwp%2Fv2%2Fcategories&post=13388"},{"taxonomy":"post_tag","embeddable":true,"href":"https:\/\/contraluzcucuta.co\/index.php?rest_route=%2Fwp%2Fv2%2Ftags&post=13388"}],"curies":[{"name":"wp","href":"https:\/\/api.w.org\/{rel}","templated":true}]}}