{"id":13375,"date":"2012-08-02T23:51:21","date_gmt":"2012-08-03T04:51:21","guid":{"rendered":"http:\/\/contraluzcucuta.co\/?p=13375"},"modified":"2012-08-02T23:52:27","modified_gmt":"2012-08-03T04:52:27","slug":"norte-de-santander-se-compromete-con-programa-de-lactancia-materna","status":"publish","type":"post","link":"https:\/\/contraluzcucuta.co\/?p=13375","title":{"rendered":"Norte de Santander se compromete con programa de lactancia materna"},"content":{"rendered":"<p><strong>C\u00daCUTA.-<\/strong> Maryuri tiene tres meses y pide teta cada 10 minutos. Zaira es m\u00e1s grandecita y tampoco ha dejado de alimentarse con leche materna. Las dos madres de estas ni\u00f1as asistieron con buen \u00e1nimo a la apertura de la Semana de la Lactancia Materna.<\/p>\n<p>El acto se cumpli\u00f3 en la planta baja de la sede de la Gobernaci\u00f3n de Norte de Santander. Las mam\u00e1s cargaron a los ni\u00f1os y muchos no aguantaron el hambre y pidieron el alimento en plena ceremonia.<\/p>\n<p>Las madres gestantes y lactantes exhibieron coches adornados con bombas de colores y carteles alusivos a la actividad, que tiene como lema \u2018Comprendiendo el pasado, planificando el futuro\u2019.<\/p>\n<p>El gobernador Edgar D\u00edaz y la gestora social Laura C\u00e1ceres encabezaron la jornada. Recordaron el compromiso del departamento con la lactancia materna para garantizar el desarrollo de los ni\u00f1os. Invitaron a las instituciones prestadoras de servicios de salud y a las administraciones municipales a apoyar la alimentaci\u00f3n en los primeros seis meses de vida y complementaria hasta los dos a\u00f1os.<\/p>\n<p>Actividades l\u00fadicas, concursos de conocimientos y decoraci\u00f3n de coches con lemas alusivos a la lactancia, carreras de gateadores, rifas y sorpresas alegraron la ma\u00f1ana para las madres.<\/p>\n<p>Hoy, 3 de agosto, se cumplir\u00e1 el taller te\u00f3rico-pr\u00e1ctico, dirigido a madres comunitarias que se desempe\u00f1en como agentes comunitarios del ICBF. Recibir\u00e1n conocimientos acerca de la lactancia materna y se orientar\u00e1n los procesos de consejer\u00eda a las beneficiarias de los programas.<\/p>\n<p>En los 40 municipios del departamento se sensibilizar\u00e1 a la poblaci\u00f3n acerca de los beneficios f\u00edsicos, afectivos, de protecci\u00f3n y comunicaci\u00f3n que brinda la lactancia a la madre y el hijo.<\/p>\n<p>La leche materna constituye el mejor alimento y la mejor bebida que puede darse en forma exclusiva al ni\u00f1o. Los ni\u00f1os que reciben el alimento materno son m\u00e1s inteligentes, contraen menos enfermedades y est\u00e1n mejor nutridos que los que reciben otro tipo de alimentaci\u00f3n.<\/p>\n<p>La lactancia con biber\u00f3n, especialmente en las comunidades de bajos recursos representa una amenaza para la salud de los ni\u00f1os por las dificultades para asegurar la higiene adecuada.<\/p>\n<p>&nbsp; <\/p>\n","protected":false},"excerpt":{"rendered":"<p>C\u00daCUTA.- Maryuri tiene tres meses y pide teta cada 10 minutos. Zaira es m\u00e1s grandecita y tampoco ha dejado de alimentarse con leche materna. Las dos madres de estas ni\u00f1as asistieron con buen \u00e1nimo a la apertura de la Semana de la Lactancia Materna. El acto se cumpli\u00f3 en la planta baja de la sede &hellip;<\/p>\n","protected":false},"author":1,"featured_media":13376,"comment_status":"open","ping_status":"open","sticky":false,"template":"","format":"standard","meta":{"footnotes":""},"categories":[32],"tags":[],"class_list":["post-13375","post","type-post","status-publish","format-standard","has-post-thumbnail","hentry","category-recorrido-por-la-region"],"_links":{"self":[{"href":"https:\/\/contraluzcucuta.co\/index.php?rest_route=\/wp\/v2\/posts\/13375","targetHints":{"allow":["GET"]}}],"collection":[{"href":"https:\/\/contraluzcucuta.co\/index.php?rest_route=\/wp\/v2\/posts"}],"about":[{"href":"https:\/\/contraluzcucuta.co\/index.php?rest_route=\/wp\/v2\/types\/post"}],"author":[{"embeddable":true,"href":"https:\/\/contraluzcucuta.co\/index.php?rest_route=\/wp\/v2\/users\/1"}],"replies":[{"embeddable":true,"href":"https:\/\/contraluzcucuta.co\/index.php?rest_route=%2Fwp%2Fv2%2Fcomments&post=13375"}],"version-history":[{"count":3,"href":"https:\/\/contraluzcucuta.co\/index.php?rest_route=\/wp\/v2\/posts\/13375\/revisions"}],"predecessor-version":[{"id":13379,"href":"https:\/\/contraluzcucuta.co\/index.php?rest_route=\/wp\/v2\/posts\/13375\/revisions\/13379"}],"wp:featuredmedia":[{"embeddable":true,"href":"https:\/\/contraluzcucuta.co\/index.php?rest_route=\/wp\/v2\/media\/13376"}],"wp:attachment":[{"href":"https:\/\/contraluzcucuta.co\/index.php?rest_route=%2Fwp%2Fv2%2Fmedia&parent=13375"}],"wp:term":[{"taxonomy":"category","embeddable":true,"href":"https:\/\/contraluzcucuta.co\/index.php?rest_route=%2Fwp%2Fv2%2Fcategories&post=13375"},{"taxonomy":"post_tag","embeddable":true,"href":"https:\/\/contraluzcucuta.co\/index.php?rest_route=%2Fwp%2Fv2%2Ftags&post=13375"}],"curies":[{"name":"wp","href":"https:\/\/api.w.org\/{rel}","templated":true}]}}