{"id":13369,"date":"2012-08-02T23:37:05","date_gmt":"2012-08-03T04:37:05","guid":{"rendered":"http:\/\/contraluzcucuta.co\/?p=13369"},"modified":"2012-08-02T23:40:41","modified_gmt":"2012-08-03T04:40:41","slug":"monsenor-vidal-ortiz-sacerdotes-sean-conscientes-de-su-mision","status":"publish","type":"post","link":"https:\/\/contraluzcucuta.co\/?p=13369","title":{"rendered":"Monse\u00f1or Vidal Ortiz: \u201csacerdotes, sean conscientes de su misi\u00f3n\u201d"},"content":{"rendered":"<p><strong>C\u00daCUTA.-<\/strong> Monse\u00f1or Julio C\u00e9sar Vidal Ortiz, Obispo de C\u00facuta, invit\u00f3 a los sacerdotes de la Di\u00f3cesis a ser conscientes de la misi\u00f3n que cumplen en cada parroquia y a cuestionarse constantemente acerca del papel que tienen frente a la comunidad.<\/p>\n<p>Los cat\u00f3licos cucute\u00f1os comenzaron, el 2 de agosto, la Fiesta Diocesana 2012. El pastor presidi\u00f3 la eucarist\u00eda en la Catedral de San Jos\u00e9, acompa\u00f1ado por el presbiterio, religiosos, seminaristas y fieles.<\/p>\n<p>En el templo mayor de C\u00facuta se dieron cita movimientos apost\u00f3licos, grupos eclesiales, delegaciones parroquiales y bautizados para expresar la comuni\u00f3n y el dinamismo pastoral que se vive en la Di\u00f3cesis. Las parroquias llevaron pendones, signos y emblemas.<\/p>\n<p>La Fiesta Diocesana se desarrollar\u00e1 en distintos niveles:<\/p>\n<p><strong>1.-<\/strong> La Fiesta en familia<\/p>\n<p><strong>2.-<\/strong> La Fiesta de los grupos eclesiales<\/p>\n<p><strong>3.-<\/strong> La Fiesta en la parroquia.<\/p>\n<p>Monse\u00f1or Vidal Ortiz, en la homil\u00eda, dijo que esta festividad es el fruto de la presencia del Esp\u00edritu en las comunidades. Record\u00f3 a sus antecesores al frente de la Di\u00f3cesis de C\u00facuta.<\/p>\n<p>\u201cLa comunidad quiere olvidar el pasado\u201d, afirm\u00f3 el Obispo y agreg\u00f3 que en la Iglesia hay momentos de llegada y de partida, y que busca conformarse como familia de Dios.<\/p>\n<p>\u201cEl Plan Global Diocesano sigue su marcha\u201d, se\u00f1al\u00f3 el prelado, y sostuvo que \u201cen un mundo que se desintegra (por diversos motivos) tenemos que ser signos de unidad\u201d.<\/p>\n<p>Llam\u00f3 a los p\u00e1rrocos a ser conscientes de la misi\u00f3n que cumplen como orientadores de la comunidad, como pastores de la Iglesia y como representantes de Cristo en la Tierra. \u201cDebemos estar, permanentemente, cuestion\u00e1ndonos. No escatimen esfuerzos por hacer de la parroquia una comunidad de comunidades\u201d.<\/p>\n<p>Monse\u00f1or inst\u00f3 a los religiosos a tener experiencias en Jesucristo para adquirir compromisos en la Iglesia y los invit\u00f3 a seguir adelante \u201csin mirar atr\u00e1s\u201d. De esta manera, se\u00f1al\u00f3, la iglesia cucute\u00f1a se har\u00e1 m\u00e1s misionera.<\/p>\n<p>A los fieles les pidi\u00f3 no decaer en la fe. \u201cSigan comprometidos a hacer de las parroquias comunidades\u201d. Al final de la homil\u00eda se regocij\u00f3 con la organizaci\u00f3n del coro diocesano, que debut\u00f3 en la misa de este jueves.<\/p>\n<p>&nbsp; <\/p>\n","protected":false},"excerpt":{"rendered":"<p>C\u00daCUTA.- Monse\u00f1or Julio C\u00e9sar Vidal Ortiz, Obispo de C\u00facuta, invit\u00f3 a los sacerdotes de la Di\u00f3cesis a ser conscientes de la misi\u00f3n que cumplen en cada parroquia y a cuestionarse constantemente acerca del papel que tienen frente a la comunidad. Los cat\u00f3licos cucute\u00f1os comenzaron, el 2 de agosto, la Fiesta Diocesana 2012. El pastor presidi\u00f3 &hellip;<\/p>\n","protected":false},"author":1,"featured_media":13372,"comment_status":"open","ping_status":"open","sticky":false,"template":"","format":"standard","meta":{"footnotes":""},"categories":[6],"tags":[],"class_list":["post-13369","post","type-post","status-publish","format-standard","has-post-thumbnail","hentry","category-ojo-avizor"],"_links":{"self":[{"href":"https:\/\/contraluzcucuta.co\/index.php?rest_route=\/wp\/v2\/posts\/13369","targetHints":{"allow":["GET"]}}],"collection":[{"href":"https:\/\/contraluzcucuta.co\/index.php?rest_route=\/wp\/v2\/posts"}],"about":[{"href":"https:\/\/contraluzcucuta.co\/index.php?rest_route=\/wp\/v2\/types\/post"}],"author":[{"embeddable":true,"href":"https:\/\/contraluzcucuta.co\/index.php?rest_route=\/wp\/v2\/users\/1"}],"replies":[{"embeddable":true,"href":"https:\/\/contraluzcucuta.co\/index.php?rest_route=%2Fwp%2Fv2%2Fcomments&post=13369"}],"version-history":[{"count":4,"href":"https:\/\/contraluzcucuta.co\/index.php?rest_route=\/wp\/v2\/posts\/13369\/revisions"}],"predecessor-version":[{"id":13374,"href":"https:\/\/contraluzcucuta.co\/index.php?rest_route=\/wp\/v2\/posts\/13369\/revisions\/13374"}],"wp:featuredmedia":[{"embeddable":true,"href":"https:\/\/contraluzcucuta.co\/index.php?rest_route=\/wp\/v2\/media\/13372"}],"wp:attachment":[{"href":"https:\/\/contraluzcucuta.co\/index.php?rest_route=%2Fwp%2Fv2%2Fmedia&parent=13369"}],"wp:term":[{"taxonomy":"category","embeddable":true,"href":"https:\/\/contraluzcucuta.co\/index.php?rest_route=%2Fwp%2Fv2%2Fcategories&post=13369"},{"taxonomy":"post_tag","embeddable":true,"href":"https:\/\/contraluzcucuta.co\/index.php?rest_route=%2Fwp%2Fv2%2Ftags&post=13369"}],"curies":[{"name":"wp","href":"https:\/\/api.w.org\/{rel}","templated":true}]}}