{"id":13347,"date":"2012-08-02T06:26:44","date_gmt":"2012-08-02T11:26:44","guid":{"rendered":"http:\/\/contraluzcucuta.co\/?p=13347"},"modified":"2012-08-02T06:26:44","modified_gmt":"2012-08-02T11:26:44","slug":"cucuta-centro-comercial-a-cielo-abierto","status":"publish","type":"post","link":"https:\/\/contraluzcucuta.co\/?p=13347","title":{"rendered":"C\u00facuta, centro comercial a cielo abierto"},"content":{"rendered":"<p><strong>C\u00daCUTA.-<\/strong> La intenci\u00f3n, renovar el centro de la ciudad. El objetivo, verla ordenada y limpia. El sue\u00f1o, construir el megaproyecto Centro Comercial a Cielo Abierto. Hoy, da gusto pasear por las calles remodeladas para esta propuesta. Los andenes rojo, gris y beige; la se\u00f1alizaci\u00f3n vial, el sonido ambiente y la iluminaci\u00f3n adornan el espacio. El arquitecto del proyecto fue Arturo Cogollo.<\/p>\n<p>C\u00facuta, ciudad comercial de Colombia, durante mucho tiempo ha tenido la econom\u00eda dependiente del flujo de turistas venidos de Venezuela. El gobierno municipal, para rescatar la buena imagen, adecu\u00f3 las calles 10 y 11. El centro de la ciudad se volvi\u00f3 m\u00e1s activo.<\/p>\n<p>Los andenes amplios, las paredes blancas y las altas vitrinas con avisos vistosos y coloridos son atractivos. En los almacenes se ofrece todo tipo de productos y servicios, nacionales o importados.<\/p>\n<p>El panorama est\u00e1 despejado tras la orden de la Alcald\u00eda de no permitir el ingreso de vendedores ambulantes de comida r\u00e1pida y productos perecederos. Ahora, el tr\u00e1nsito por estas calles es libre por el respeto al espacio p\u00fablico.<\/p>\n<p>Entre los 800.000 habitantes que viven, gozan, padecen y agonizan en C\u00facuta hay comerciantes, industriales, obreros, ejecutivos, empleados, estudiantes, profesionales y trabajadores informales (ambulantes o estacionarios), que comercializan los productos tra\u00eddos de Venezuela.<\/p>\n<p>C\u00facuta crece. La vemos como centro vivo redise\u00f1ado para que el transe\u00fante disfrute de los espacios creados para hacer de la ciudad una inmensa vitrina comercial y un lugar de esparcimiento donde el turista disfruta con la arquitectura renovada.<\/p>\n<p>La capital de Norte de Santander cambi\u00f3 el aspecto, pero la idiosincrasia se mantiene. El cucute\u00f1o es alegre, festivo, emprendedor, convencido de las posibilidades de progreso y quiere a su tierra a pesar de las dificultades econ\u00f3micas que la azotan. Ha salido orgulloso de las crisis.<\/p>\n<p>Desde la fundaci\u00f3n y despu\u00e9s del terremoto de 1875, C\u00facuta ofrece un espacio para la vida, sin restricciones para el establecimiento comercial din\u00e1mico y abierto.<\/p>\n<p>Este puerto seco, receptor del m\u00e1s intenso movimiento fronterizo, es capaz de acoger en un d\u00eda el tr\u00e1fico de 5000 veh\u00edculos y albergar una poblaci\u00f3n masiva, proveniente de cualquier punto y motivada por las m\u00e1s variadas ilusiones.<\/p>\n<p>La ciudad sigue viviendo, a pesar de la recesi\u00f3n en la que ha entrado en los \u00faltimos a\u00f1os. La pasada administraci\u00f3n municipal permiti\u00f3 el deterioro de las calles y el descontrol en la circulaci\u00f3n vehicular. La inversi\u00f3n desmejor\u00f3 y la capital de Norte de Santander entr\u00f3 en crisis.<\/p>\n<p>Los almacenes en el centro comercial a Cielo Abierto abren las puertas y pregonan las mercanc\u00edas con los brazos abiertos, aunque las expectativas de los comerciantes no son las mismas. Sue\u00f1an con que el rumbo cambie y retornen la euforia del progreso y la festividad.<\/p>\n<p><strong>Y\u00d3SELIN ANDREA S\u00c1NCHEZ \u00a0<\/strong><\/p>\n<p><a href=\"mailto:yosy0030@hotmail.com\">yosy0030@hotmail.com<\/a><\/p>\n<p>&nbsp;<\/p>\n<p>&nbsp; <\/p>\n","protected":false},"excerpt":{"rendered":"<p>C\u00daCUTA.- La intenci\u00f3n, renovar el centro de la ciudad. El objetivo, verla ordenada y limpia. El sue\u00f1o, construir el megaproyecto Centro Comercial a Cielo Abierto. Hoy, da gusto pasear por las calles remodeladas para esta propuesta. Los andenes rojo, gris y beige; la se\u00f1alizaci\u00f3n vial, el sonido ambiente y la iluminaci\u00f3n adornan el espacio. El &hellip;<\/p>\n","protected":false},"author":1,"featured_media":13348,"comment_status":"open","ping_status":"open","sticky":false,"template":"","format":"standard","meta":{"footnotes":""},"categories":[45],"tags":[351,318],"class_list":["post-13347","post","type-post","status-publish","format-standard","has-post-thumbnail","hentry","category-destacado","tag-centro-comercial-a-cielo-abierto","tag-cucuta"],"_links":{"self":[{"href":"https:\/\/contraluzcucuta.co\/index.php?rest_route=\/wp\/v2\/posts\/13347","targetHints":{"allow":["GET"]}}],"collection":[{"href":"https:\/\/contraluzcucuta.co\/index.php?rest_route=\/wp\/v2\/posts"}],"about":[{"href":"https:\/\/contraluzcucuta.co\/index.php?rest_route=\/wp\/v2\/types\/post"}],"author":[{"embeddable":true,"href":"https:\/\/contraluzcucuta.co\/index.php?rest_route=\/wp\/v2\/users\/1"}],"replies":[{"embeddable":true,"href":"https:\/\/contraluzcucuta.co\/index.php?rest_route=%2Fwp%2Fv2%2Fcomments&post=13347"}],"version-history":[{"count":2,"href":"https:\/\/contraluzcucuta.co\/index.php?rest_route=\/wp\/v2\/posts\/13347\/revisions"}],"predecessor-version":[{"id":13350,"href":"https:\/\/contraluzcucuta.co\/index.php?rest_route=\/wp\/v2\/posts\/13347\/revisions\/13350"}],"wp:featuredmedia":[{"embeddable":true,"href":"https:\/\/contraluzcucuta.co\/index.php?rest_route=\/wp\/v2\/media\/13348"}],"wp:attachment":[{"href":"https:\/\/contraluzcucuta.co\/index.php?rest_route=%2Fwp%2Fv2%2Fmedia&parent=13347"}],"wp:term":[{"taxonomy":"category","embeddable":true,"href":"https:\/\/contraluzcucuta.co\/index.php?rest_route=%2Fwp%2Fv2%2Fcategories&post=13347"},{"taxonomy":"post_tag","embeddable":true,"href":"https:\/\/contraluzcucuta.co\/index.php?rest_route=%2Fwp%2Fv2%2Ftags&post=13347"}],"curies":[{"name":"wp","href":"https:\/\/api.w.org\/{rel}","templated":true}]}}