{"id":13343,"date":"2012-08-02T06:22:16","date_gmt":"2012-08-02T11:22:16","guid":{"rendered":"http:\/\/contraluzcucuta.co\/?p=13343"},"modified":"2012-08-02T06:22:16","modified_gmt":"2012-08-02T11:22:16","slug":"cucuta-recibira-a-santa-fe-en-yopal","status":"publish","type":"post","link":"https:\/\/contraluzcucuta.co\/?p=13343","title":{"rendered":"C\u00facuta recibir\u00e1 a Santa Fe en Yopal"},"content":{"rendered":"<p><strong>C\u00daCUTA.-<\/strong> Los aficionados motilones, ilusionados con el triunfo del C\u00facuta Deportivo en el comienzo del segundo campeonato del a\u00f1o, so\u00f1aron con asistir al estadio Pueblo Nuevo, en San Crist\u00f3bal, para apoyar al equipo en la tercera fecha.<\/p>\n<p>Este primero de agosto, la oficina de prensa del club rojinegro calm\u00f3 los \u00e1nimos de los hinchas y los baj\u00f3 del bus. Anunci\u00f3 que el encuentro contra el campe\u00f3n Independiente Santa Fe se disputar\u00e1, el 14 de agosto, en Yopal (Casanare), nueva sede del once fornterizo.<\/p>\n<p>Las fechas de los encuentros correspondientes a la segunda fase de la Copa Colombia y a la tercera jornada del campeonato profesional fueron modificadas y quedaron de la siguiente manera:<\/p>\n<p><strong>1.-<\/strong> El 9 de agosto, C\u00facuta jugar\u00e1 frente a Bogot\u00e1 F\u00fatbol Club, el 9 de agosto, el partido de ida, a las 3:30 de la tarde.<\/p>\n<p><strong>2.-<\/strong> El 14 de agosto, jugar\u00e1 ante Santa Fe, a las 3:30 de la tarde, en el estadio Santiago de las Atalayas. <\/p>\n","protected":false},"excerpt":{"rendered":"<p>C\u00daCUTA.- Los aficionados motilones, ilusionados con el triunfo del C\u00facuta Deportivo en el comienzo del segundo campeonato del a\u00f1o, so\u00f1aron con asistir al estadio Pueblo Nuevo, en San Crist\u00f3bal, para apoyar al equipo en la tercera fecha. Este primero de agosto, la oficina de prensa del club rojinegro calm\u00f3 los \u00e1nimos de los hinchas y &hellip;<\/p>\n","protected":false},"author":1,"featured_media":13344,"comment_status":"open","ping_status":"open","sticky":false,"template":"","format":"standard","meta":{"footnotes":""},"categories":[28],"tags":[192,350],"class_list":["post-13343","post","type-post","status-publish","format-standard","has-post-thumbnail","hentry","category-vistazo-deportivo","tag-cucuta-deportivo","tag-independiente-santa-fe"],"_links":{"self":[{"href":"https:\/\/contraluzcucuta.co\/index.php?rest_route=\/wp\/v2\/posts\/13343","targetHints":{"allow":["GET"]}}],"collection":[{"href":"https:\/\/contraluzcucuta.co\/index.php?rest_route=\/wp\/v2\/posts"}],"about":[{"href":"https:\/\/contraluzcucuta.co\/index.php?rest_route=\/wp\/v2\/types\/post"}],"author":[{"embeddable":true,"href":"https:\/\/contraluzcucuta.co\/index.php?rest_route=\/wp\/v2\/users\/1"}],"replies":[{"embeddable":true,"href":"https:\/\/contraluzcucuta.co\/index.php?rest_route=%2Fwp%2Fv2%2Fcomments&post=13343"}],"version-history":[{"count":2,"href":"https:\/\/contraluzcucuta.co\/index.php?rest_route=\/wp\/v2\/posts\/13343\/revisions"}],"predecessor-version":[{"id":13346,"href":"https:\/\/contraluzcucuta.co\/index.php?rest_route=\/wp\/v2\/posts\/13343\/revisions\/13346"}],"wp:featuredmedia":[{"embeddable":true,"href":"https:\/\/contraluzcucuta.co\/index.php?rest_route=\/wp\/v2\/media\/13344"}],"wp:attachment":[{"href":"https:\/\/contraluzcucuta.co\/index.php?rest_route=%2Fwp%2Fv2%2Fmedia&parent=13343"}],"wp:term":[{"taxonomy":"category","embeddable":true,"href":"https:\/\/contraluzcucuta.co\/index.php?rest_route=%2Fwp%2Fv2%2Fcategories&post=13343"},{"taxonomy":"post_tag","embeddable":true,"href":"https:\/\/contraluzcucuta.co\/index.php?rest_route=%2Fwp%2Fv2%2Ftags&post=13343"}],"curies":[{"name":"wp","href":"https:\/\/api.w.org\/{rel}","templated":true}]}}