{"id":13247,"date":"2012-07-30T01:00:41","date_gmt":"2012-07-30T06:00:41","guid":{"rendered":"http:\/\/contraluzcucuta.co\/?p=13247"},"modified":"2012-07-30T01:00:58","modified_gmt":"2012-07-30T06:00:58","slug":"promotores-y-ejemplarizantes-politicas-de-estado-necesidad-de-la-frontera","status":"publish","type":"post","link":"https:\/\/contraluzcucuta.co\/?p=13247","title":{"rendered":"Promotores y ejemplarizantes pol\u00edticas de Estado, necesidad de la frontera"},"content":{"rendered":"<p><strong>1<\/strong><strong>.-<\/strong> Un grupo de universitarios con esp\u00edritu renovador y \u00e1nimo dispuesto lleg\u00f3 hasta mi oficina para que les explicara por qu\u00e9 afirmo que nuestro mayor problema regional es humano. Y, a su vez, por qu\u00e9 sostengo que la soluci\u00f3n de la frontera colombo-venezolana, en su \u00e1rea central o sea la nuestra &#8211; si bien el poder de los dos gobiernos est\u00e1 en Bogot\u00e1 y Caracas &#8211; radica en nosotros.<\/p>\n<p>Fui claro y categ\u00f3rico en manifestarles que el problema es humano, porque pese a las enormes posibilidades y opciones que se pueden precisar en la faja fronteriza binacional, se ha fallado en la labor asociativa, innovadora, permanente y comprometida en un proceso de trasformaci\u00f3n y cambio, como lo atestigua y se\u00f1ala de bulto todo examen que se haga y en todos los niveles. Y, en los \u00faltimos a\u00f1os, la indiferencia y hasta desidia sobre la conveniencia de un Parque Industrial y Tecnol\u00f3gico, as\u00ed como la desatenci\u00f3n e indebido fraccionamiento de la Zona Franca. Adem\u00e1s, por ser una regi\u00f3n especial y con caracter\u00edsticas at\u00edpicas que la diferencian de las dem\u00e1s al n\u00facleo social econ\u00f3mico y hasta pol\u00edtico del conglomerado poblacional que se ha constituido le ha hecho falta articular y complementar las dos nociones y conceptos institucionales que las determinan y definen, dentro de una mancomunidad de empe\u00f1os e intereses, que partiendo del respeto a la soberan\u00eda de cada uno, pero con la confianza de una interrelaci\u00f3n constante, plenamente integracionista y creadora de un mejor porvenir , formalice una perspectiva constructiva y productiva.<\/p>\n<p>Y eso que es necesario: promover, fomentar, implementar y establecer entre las poblaciones de uno y otro lado de los l\u00edmites, exige gestores que est\u00e9n m\u00e1s involucrados y comprometidos en el desarrollo y la proyecci\u00f3n de una interrelaci\u00f3n y operatividad que rinda frutos y beneficios conjuntos, particularmente en servicios, empleo, capacitaci\u00f3n y educaci\u00f3n, llevando a esta, al mayor grado de presencia e investigaci\u00f3n.<\/p>\n<p><strong>2<\/strong><strong>.-<\/strong> La situaci\u00f3n del agua, en los municipios interfronterizos, la modernizaci\u00f3n de los servicios que precisa todo Puerto Seco y el verdadero y r\u00e1pido impulso a la infraestructura vial \u2013incluida la f\u00e9rrea y sin olvidar, ni relegar la a\u00e9rea- son pasos capitales en la hora de ahora.<\/p>\n<p><strong>3<\/strong><strong>.-<\/strong> Las industrias de maquila, la complementaci\u00f3n industrial y un giro hacia el aprovechamiento productivo de las riquezas inexploradas e inexplotadas permitir\u00edan encarar el duro y dif\u00edcil reto de competitividad, que significar\u00e1n las cuantiosas inversiones sobre la faja del r\u00edo Orinoco y de la Orinoquia, as\u00ed como la apertura y b\u00fasqueda del Oc\u00e9ano Pac\u00edfico por Venezuela.<\/p>\n<p>S\u00ed, promotores, con realismo y visi\u00f3n de perspectivas, m\u00e1s ejemplarizantes y aut\u00e9nticas pol\u00edticas de Estado necesita la frontera para proyectar el porvenir.<\/p>\n<p><strong>JOS\u00c9 NEIRA REY <\/strong><strong><\/strong><\/p>\n<p><a href=\"mailto:jneirarey@hotmail.com\">jneirarey@hotmail.com<\/a><\/p>\n<p><strong>Notas al margen\u00a0 <\/strong><\/p>\n<p>&nbsp; <\/p>\n","protected":false},"excerpt":{"rendered":"<p>1.- Un grupo de universitarios con esp\u00edritu renovador y \u00e1nimo dispuesto lleg\u00f3 hasta mi oficina para que les explicara por qu\u00e9 afirmo que nuestro mayor problema regional es humano. Y, a su vez, por qu\u00e9 sostengo que la soluci\u00f3n de la frontera colombo-venezolana, en su \u00e1rea central o sea la nuestra &#8211; si bien el &hellip;<\/p>\n","protected":false},"author":1,"featured_media":13248,"comment_status":"open","ping_status":"open","sticky":false,"template":"","format":"standard","meta":{"footnotes":""},"categories":[14,4],"tags":[],"class_list":["post-13247","post","type-post","status-publish","format-standard","has-post-thumbnail","hentry","category-articulistas","category-barra"],"_links":{"self":[{"href":"https:\/\/contraluzcucuta.co\/index.php?rest_route=\/wp\/v2\/posts\/13247","targetHints":{"allow":["GET"]}}],"collection":[{"href":"https:\/\/contraluzcucuta.co\/index.php?rest_route=\/wp\/v2\/posts"}],"about":[{"href":"https:\/\/contraluzcucuta.co\/index.php?rest_route=\/wp\/v2\/types\/post"}],"author":[{"embeddable":true,"href":"https:\/\/contraluzcucuta.co\/index.php?rest_route=\/wp\/v2\/users\/1"}],"replies":[{"embeddable":true,"href":"https:\/\/contraluzcucuta.co\/index.php?rest_route=%2Fwp%2Fv2%2Fcomments&post=13247"}],"version-history":[{"count":3,"href":"https:\/\/contraluzcucuta.co\/index.php?rest_route=\/wp\/v2\/posts\/13247\/revisions"}],"predecessor-version":[{"id":13251,"href":"https:\/\/contraluzcucuta.co\/index.php?rest_route=\/wp\/v2\/posts\/13247\/revisions\/13251"}],"wp:featuredmedia":[{"embeddable":true,"href":"https:\/\/contraluzcucuta.co\/index.php?rest_route=\/wp\/v2\/media\/13248"}],"wp:attachment":[{"href":"https:\/\/contraluzcucuta.co\/index.php?rest_route=%2Fwp%2Fv2%2Fmedia&parent=13247"}],"wp:term":[{"taxonomy":"category","embeddable":true,"href":"https:\/\/contraluzcucuta.co\/index.php?rest_route=%2Fwp%2Fv2%2Fcategories&post=13247"},{"taxonomy":"post_tag","embeddable":true,"href":"https:\/\/contraluzcucuta.co\/index.php?rest_route=%2Fwp%2Fv2%2Ftags&post=13247"}],"curies":[{"name":"wp","href":"https:\/\/api.w.org\/{rel}","templated":true}]}}