{"id":13242,"date":"2012-07-30T00:53:22","date_gmt":"2012-07-30T05:53:22","guid":{"rendered":"http:\/\/contraluzcucuta.co\/?p=13242"},"modified":"2012-07-30T00:53:42","modified_gmt":"2012-07-30T05:53:42","slug":"colombia-i-se-desarmo","status":"publish","type":"post","link":"https:\/\/contraluzcucuta.co\/?p=13242","title":{"rendered":"Colombia I se desarm\u00f3"},"content":{"rendered":"<p><strong>C\u00daCUTA.-<\/strong> Los habitantes del barrio Colombia I, de la Ciudadela Juan Atalaya, cambiaron armas blancas y de fuego por regalos, jornadas de salud y peluquer\u00eda. La jornada se cumpli\u00f3, el 27 de julio, en cumplimiento de la pol\u00edtica de seguridad y convivencia ciudadana que impulsa el Gobierno.<\/p>\n<p>El objetivo de la Polic\u00eda Metropolitana es neutralizar la comisi\u00f3n de delitos desde lo preventivo y sacar de las calles cucute\u00f1as las armas ilegales. La campa\u00f1a \u2018Desarmarse, Vale\u2019 fortalece el acercamiento y el acompa\u00f1amiento a las poblaciones vulnerables en la capital nortesantandereana<\/p>\n<p>El teniente coronel Nicol\u00e1s Alejandro Zapata Restrepo, comandante del Primer Distrito de la Polic\u00eda Metropolitana de C\u00facuta (Mecuc), dijo que la jornada reuni\u00f3 a los residentes de la necesitada y vulnerable zona de la ciudad.<\/p>\n<p>La comunidad entreg\u00f3 cuatro escopetas, dos trabucos calibre 38, un chang\u00f3n calibre 16 mil\u00edmetros, una granada de fragmentaci\u00f3n, ocho juguetes b\u00e9licos y munici\u00f3n de diferentes calibres. A cambio, recibi\u00f3 mercados y elementos de aprendizaje y entretenimiento para los ni\u00f1os.<\/p>\n<p>Los asistentes fueron beneficiados con los servicios de peluquer\u00eda, toma de tensi\u00f3n y aplicaci\u00f3n de vacunas. Los animales dom\u00e9sticos fueron vacunados y desparasitados.<\/p>\n<p>La poblaci\u00f3n infantil disfrut\u00f3 con las actividades l\u00fadicas recreativas y de aprendizaje, la puesta en escena de obras teatrales, t\u00edteres y payasos, y pinturas llevadas por los agentes.\u00a0\u00a0<\/p>\n<p>\u00a0\u201cLo que buscamos con esta actividad enmarcada en la estrategia de convivencia y seguridad ciudadana es vincular a la comunidad a participar activamente de las iniciativas institucionales enfocadas a mejorar los espacios de desarrollo social\u201d, concluy\u00f3 el Comandante del Primer Distrito de la Mecuc.<\/p>\n<p>&nbsp; <\/p>\n","protected":false},"excerpt":{"rendered":"<p>C\u00daCUTA.- Los habitantes del barrio Colombia I, de la Ciudadela Juan Atalaya, cambiaron armas blancas y de fuego por regalos, jornadas de salud y peluquer\u00eda. La jornada se cumpli\u00f3, el 27 de julio, en cumplimiento de la pol\u00edtica de seguridad y convivencia ciudadana que impulsa el Gobierno. El objetivo de la Polic\u00eda Metropolitana es neutralizar &hellip;<\/p>\n","protected":false},"author":1,"featured_media":13243,"comment_status":"open","ping_status":"open","sticky":false,"template":"","format":"standard","meta":{"footnotes":""},"categories":[11,4],"tags":[],"class_list":["post-13242","post","type-post","status-publish","format-standard","has-post-thumbnail","hentry","category-cronica-roja","category-barra"],"_links":{"self":[{"href":"https:\/\/contraluzcucuta.co\/index.php?rest_route=\/wp\/v2\/posts\/13242","targetHints":{"allow":["GET"]}}],"collection":[{"href":"https:\/\/contraluzcucuta.co\/index.php?rest_route=\/wp\/v2\/posts"}],"about":[{"href":"https:\/\/contraluzcucuta.co\/index.php?rest_route=\/wp\/v2\/types\/post"}],"author":[{"embeddable":true,"href":"https:\/\/contraluzcucuta.co\/index.php?rest_route=\/wp\/v2\/users\/1"}],"replies":[{"embeddable":true,"href":"https:\/\/contraluzcucuta.co\/index.php?rest_route=%2Fwp%2Fv2%2Fcomments&post=13242"}],"version-history":[{"count":3,"href":"https:\/\/contraluzcucuta.co\/index.php?rest_route=\/wp\/v2\/posts\/13242\/revisions"}],"predecessor-version":[{"id":13246,"href":"https:\/\/contraluzcucuta.co\/index.php?rest_route=\/wp\/v2\/posts\/13242\/revisions\/13246"}],"wp:featuredmedia":[{"embeddable":true,"href":"https:\/\/contraluzcucuta.co\/index.php?rest_route=\/wp\/v2\/media\/13243"}],"wp:attachment":[{"href":"https:\/\/contraluzcucuta.co\/index.php?rest_route=%2Fwp%2Fv2%2Fmedia&parent=13242"}],"wp:term":[{"taxonomy":"category","embeddable":true,"href":"https:\/\/contraluzcucuta.co\/index.php?rest_route=%2Fwp%2Fv2%2Fcategories&post=13242"},{"taxonomy":"post_tag","embeddable":true,"href":"https:\/\/contraluzcucuta.co\/index.php?rest_route=%2Fwp%2Fv2%2Ftags&post=13242"}],"curies":[{"name":"wp","href":"https:\/\/api.w.org\/{rel}","templated":true}]}}