{"id":13234,"date":"2012-07-28T13:05:00","date_gmt":"2012-07-28T18:05:00","guid":{"rendered":"http:\/\/contraluzcucuta.co\/?p=13234"},"modified":"2012-07-28T13:05:00","modified_gmt":"2012-07-28T18:05:00","slug":"me-siento-desprotegido-pedro-infante","status":"publish","type":"post","link":"https:\/\/contraluzcucuta.co\/?p=13234","title":{"rendered":"\u201cMe siento desprotegido\u201d: Pedro Infante"},"content":{"rendered":"<p><strong>LOS PATIOS.-<\/strong> El hombre de radio Pedro Infante Carrillo denunci\u00f3 ante la Procuradur\u00eda Regional al director de Tr\u00e1nsito de Los Patios, Jos\u00e9 Villamizar,\u00a0 por ordenar su detenci\u00f3n \u201carbitraria\u201d y conducci\u00f3n a la URI de C\u00facuta, el 24 de julio.<\/p>\n<p>En la declaraci\u00f3n rendida en la Oficina Centro de Atenci\u00f3n al P\u00fablico involucr\u00f3 al teniente Betancur, comandante de la Polic\u00eda en Los Patios; al agente Ruiz y al patrullero Guti\u00e9rrez, quienes hicieron efectiva la orden del funcionario municipal.<\/p>\n<p>Los hechos \u00a0que originaron la queja verbal son los siguientes:<\/p>\n<p><strong>1.-<\/strong> Hugo Alfonso Infante Lizcano, hijo de Pedro Infante, cometi\u00f3 una infracci\u00f3n de tr\u00e1nsito en la moto de su propiedad.<\/p>\n<p><strong>2.-<\/strong> El patrullero Guti\u00e9rrez y Hugo Infante es la segunda vez que se encuentran. Y en \u201csegunda oportunidad ofend\u00eda y censuraba a mi hijo\u201d.<\/p>\n<p><strong>3.-<\/strong> Pedro Infante acudi\u00f3 al despacho de Villamizar para reclamar que se escuchara a las dos partes.<\/p>\n<p><strong>4.-<\/strong> Villamizar orden\u00f3 a Infante salir del despacho y ante la negativa amenaz\u00f3 con llamar a la polic\u00eda y ponerlo bajo arresto.<\/p>\n<p><strong>5.-<\/strong> A la llegada del teniente Betancur y del agente Ruiz, Infante busc\u00f3 refugio en la Personar\u00eda. No encontr\u00f3 respaldo.<\/p>\n<p><strong>6.-<\/strong> Infante accedi\u00f3 a caminar junto a los uniformados, firm\u00f3 los derechos del capturado e hizo una llamada telef\u00f3nica.<\/p>\n<p><strong>7.-<\/strong> Llam\u00f3 al alcalde Orlando Sandoval en busca de protecci\u00f3n. Respuesta negativa por estar ocupado.<\/p>\n<p>8<strong>.- <\/strong>\u201cAh\u00ed empez\u00f3 la tortura sicol\u00f3gica\u201d.<\/p>\n<p><strong>9.-<\/strong> Infante fue subido a la patrulla para llevarlo a la URI. Pas\u00f3 una hora en el veh\u00edculo a 45 grados.<\/p>\n<p><strong>10.-<\/strong> Reclam\u00f3 mejor trato por ser hipertenso. Veinte minutos despu\u00e9s lo bajaron del carro policial. Uno de los agentes orden\u00f3 esposarlo. Infante se neg\u00f3.<\/p>\n<p><strong>11.-<\/strong> En la URI encontr\u00f3 al doctor Iv\u00e1n Mora, quien increp\u00f3 a los uniformados por el trato dado a Infante.<\/p>\n<p><strong>12.<\/strong>&#8211; La fiscal de turno al verlo mal de salud le ofreci\u00f3 un vaso de agua para que se aliviara. \u201cDijo que eso no era ning\u00fan delito y me soltaron\u201d.<\/p>\n<p><strong>13.<\/strong>&#8211; Infante dej\u00f3 constancia de que si algo le ocurre a su hijo Hugo es responsabilidad del teniente Betancur, comandante de la Polic\u00eda en Los Patios, y del patrullero Guti\u00e9rrez.<\/p>\n<p>\u201cMe siento desprotegido\u201d, dijo Pedro Infante al final de la queja juramentada. El patrullero fue acusado de burlarse de la esposa Miriam Lizcano, del hijo Hugo y de Pedro Infante. \u201cFui a la Personer\u00eda y al Comando de San Mateo y no he recibido ninguna respuesta\u201d.<\/p>\n<p>Pedro Infante trabaja en el programa radial &#8216;Noticias y deportes&#8217;, que\u00a0se trasmite los domingos por La Voz del Norte, a las 7:00 de la ma\u00f1ana. El Colegio Nacional de Periodistas repudi\u00f3 el proceder del director de Tr\u00e1nsito de Los Patios, Jos\u00e9 Villamizar, y pidi\u00f3 al alcalde Sandoval &#8220;adoptar las medidas administrativas y disciplinarias necesarias&#8221;.<\/p>\n<p>&nbsp; <\/p>\n","protected":false},"excerpt":{"rendered":"<p>LOS PATIOS.- El hombre de radio Pedro Infante Carrillo denunci\u00f3 ante la Procuradur\u00eda Regional al director de Tr\u00e1nsito de Los Patios, Jos\u00e9 Villamizar,\u00a0 por ordenar su detenci\u00f3n \u201carbitraria\u201d y conducci\u00f3n a la URI de C\u00facuta, el 24 de julio. En la declaraci\u00f3n rendida en la Oficina Centro de Atenci\u00f3n al P\u00fablico involucr\u00f3 al teniente Betancur, &hellip;<\/p>\n","protected":false},"author":1,"featured_media":13237,"comment_status":"open","ping_status":"open","sticky":false,"template":"","format":"standard","meta":{"footnotes":""},"categories":[11,4],"tags":[345,97,344],"class_list":["post-13234","post","type-post","status-publish","format-standard","has-post-thumbnail","hentry","category-cronica-roja","category-barra","tag-pedro-infante","tag-policia","tag-transito-de-los-patios"],"_links":{"self":[{"href":"https:\/\/contraluzcucuta.co\/index.php?rest_route=\/wp\/v2\/posts\/13234","targetHints":{"allow":["GET"]}}],"collection":[{"href":"https:\/\/contraluzcucuta.co\/index.php?rest_route=\/wp\/v2\/posts"}],"about":[{"href":"https:\/\/contraluzcucuta.co\/index.php?rest_route=\/wp\/v2\/types\/post"}],"author":[{"embeddable":true,"href":"https:\/\/contraluzcucuta.co\/index.php?rest_route=\/wp\/v2\/users\/1"}],"replies":[{"embeddable":true,"href":"https:\/\/contraluzcucuta.co\/index.php?rest_route=%2Fwp%2Fv2%2Fcomments&post=13234"}],"version-history":[{"count":2,"href":"https:\/\/contraluzcucuta.co\/index.php?rest_route=\/wp\/v2\/posts\/13234\/revisions"}],"predecessor-version":[{"id":13239,"href":"https:\/\/contraluzcucuta.co\/index.php?rest_route=\/wp\/v2\/posts\/13234\/revisions\/13239"}],"wp:featuredmedia":[{"embeddable":true,"href":"https:\/\/contraluzcucuta.co\/index.php?rest_route=\/wp\/v2\/media\/13237"}],"wp:attachment":[{"href":"https:\/\/contraluzcucuta.co\/index.php?rest_route=%2Fwp%2Fv2%2Fmedia&parent=13234"}],"wp:term":[{"taxonomy":"category","embeddable":true,"href":"https:\/\/contraluzcucuta.co\/index.php?rest_route=%2Fwp%2Fv2%2Fcategories&post=13234"},{"taxonomy":"post_tag","embeddable":true,"href":"https:\/\/contraluzcucuta.co\/index.php?rest_route=%2Fwp%2Fv2%2Ftags&post=13234"}],"curies":[{"name":"wp","href":"https:\/\/api.w.org\/{rel}","templated":true}]}}