{"id":13222,"date":"2012-07-26T23:49:58","date_gmt":"2012-07-27T04:49:58","guid":{"rendered":"http:\/\/contraluzcucuta.co\/?p=13222"},"modified":"2012-07-26T23:50:20","modified_gmt":"2012-07-27T04:50:20","slug":"a-gramalote-lo-destruyo-la-nina","status":"publish","type":"post","link":"https:\/\/contraluzcucuta.co\/?p=13222","title":{"rendered":"A Gramalote lo destruy\u00f3 \u2018La Ni\u00f1a\u2019"},"content":{"rendered":"<p><strong>C\u00daCUTA.-<\/strong> Los gramaloteros, a partir del 17 de diciembre del 2010, se han \u201cexcedido en paciencia, sobrellevando la tolerancia y mostrando amabilidad hacia el Gobierno\u201d. Esta es la percepci\u00f3n de los nortesantandereanos, seg\u00fan Camacol, en los 31 meses trascurridos a partir de la tragedia que acab\u00f3 con el municipio.<\/p>\n<p>El presidente de la C\u00e1mara de la Construcci\u00f3n Local, Ricardo Uraz\u00e1n Noriega, formul\u00f3 la apreciaci\u00f3n ante Carmen Ar\u00e9valo, subdirectora del Fondo de Adaptaci\u00f3n del Ministerio de Hacienda, y present\u00f3 una sugerencia \u201csoportada en indicaciones t\u00e9cnicas y juiciosas\u201d.<\/p>\n<p>El colapso de Gramalote fue resultado de una remoci\u00f3n en masa, producto de las lluvias extremas del fen\u00f3meno La Ni\u00f1a. La destrucci\u00f3n del pueblo no fue el resultado de un efecto s\u00edsmico o consecuencia de la falla geol\u00f3gica que atraviesa gran parte del departamento.<\/p>\n<p>\u201cCreemos que por raz\u00f3n especulativa y ausencia gerencial, se produjo alto desgaste anal\u00edtico en aspectos relacionados con la actividad s\u00edsmica, lo cual no hace parte de la esencia para solucionar\u201d, escribi\u00f3 Uraz\u00e1n Noriega.<\/p>\n<p>El informe t\u00e9cnico de Ingeominas y otros conceptos han pasado por alto este an\u00e1lisis que, posiblemente, podr\u00eda ofrecer un resultado pr\u00e1ctico, econ\u00f3mico y de alta respuesta social a los gramaloteros. Adem\u00e1s, eliminar\u00eda aspectos jur\u00eddicos y prediales que ser\u00e1n un factor obligado de rechazo y descontento.<\/p>\n<p>El presidente de Camacol, en la misiva, consider\u00f3 urgente evaluar la posibilidad de adelantar an\u00e1lisis t\u00e9cnicos de car\u00e1cter hidr\u00e1ulico pluvial, \u201cencausados a eliminar el riesgo de una nueva remoci\u00f3n de masas\u201d.<\/p>\n<p>Propuso aprovechar el convenio suscrito con el gobierno holand\u00e9s, que por la experiencia muestra liderazgo en ejercicios hidr\u00e1ulicos. El Ideam ser\u00eda apoyo b\u00e1sico en lo referente al aspecto hidr\u00e1ulico zonal. \u201cHay que controlar hidr\u00e1ulicamente el cerro principal causante del problema\u201d.<\/p>\n<p>Llam\u00f3 a pensar que la reconstrucci\u00f3n de Gramalote, luego de superado el inconveniente de agua subterr\u00e1nea, podr\u00eda anular el tortuoso reasentamiento del municipio en sitio diferente, que generar\u00eda costos extremos, manteniendo riesgos de variada \u00edndole.<\/p>\n<p>Uraz\u00e1n Noriega se quej\u00f3 porque en las \u201creuniones informativas de los supuestos avances\u201d para la soluci\u00f3n del problema de Gramalote, \u201clamentablemente no se obtuvo la concreci\u00f3n esperada\u201d. El Ministerio de Vivienda, hasta finales del 2011, \u201cno avanz\u00f3 m\u00e1s all\u00e1 del maquillaje y gastos superfluos de variada \u00edndole\u201d.<\/p>\n<p>Los gramaloteros afectados por el derrumbe del pueblo superan los 6000 entre ni\u00f1os y adultos. M\u00e1s de dos a\u00f1os y medio despu\u00e9s de la tragedia, mantienen el estado de desprotecci\u00f3n. Algunos han regresado al municipio; otros, viven en refugios, albergues y casas de familiares.<\/p>\n<p>&nbsp; <\/p>\n","protected":false},"excerpt":{"rendered":"<p>C\u00daCUTA.- Los gramaloteros, a partir del 17 de diciembre del 2010, se han \u201cexcedido en paciencia, sobrellevando la tolerancia y mostrando amabilidad hacia el Gobierno\u201d. Esta es la percepci\u00f3n de los nortesantandereanos, seg\u00fan Camacol, en los 31 meses trascurridos a partir de la tragedia que acab\u00f3 con el municipio. El presidente de la C\u00e1mara de &hellip;<\/p>\n","protected":false},"author":1,"featured_media":13223,"comment_status":"open","ping_status":"open","sticky":false,"template":"","format":"standard","meta":{"footnotes":""},"categories":[7,4],"tags":[],"class_list":["post-13222","post","type-post","status-publish","format-standard","has-post-thumbnail","hentry","category-acontecimientos","category-barra"],"_links":{"self":[{"href":"https:\/\/contraluzcucuta.co\/index.php?rest_route=\/wp\/v2\/posts\/13222","targetHints":{"allow":["GET"]}}],"collection":[{"href":"https:\/\/contraluzcucuta.co\/index.php?rest_route=\/wp\/v2\/posts"}],"about":[{"href":"https:\/\/contraluzcucuta.co\/index.php?rest_route=\/wp\/v2\/types\/post"}],"author":[{"embeddable":true,"href":"https:\/\/contraluzcucuta.co\/index.php?rest_route=\/wp\/v2\/users\/1"}],"replies":[{"embeddable":true,"href":"https:\/\/contraluzcucuta.co\/index.php?rest_route=%2Fwp%2Fv2%2Fcomments&post=13222"}],"version-history":[{"count":3,"href":"https:\/\/contraluzcucuta.co\/index.php?rest_route=\/wp\/v2\/posts\/13222\/revisions"}],"predecessor-version":[{"id":13226,"href":"https:\/\/contraluzcucuta.co\/index.php?rest_route=\/wp\/v2\/posts\/13222\/revisions\/13226"}],"wp:featuredmedia":[{"embeddable":true,"href":"https:\/\/contraluzcucuta.co\/index.php?rest_route=\/wp\/v2\/media\/13223"}],"wp:attachment":[{"href":"https:\/\/contraluzcucuta.co\/index.php?rest_route=%2Fwp%2Fv2%2Fmedia&parent=13222"}],"wp:term":[{"taxonomy":"category","embeddable":true,"href":"https:\/\/contraluzcucuta.co\/index.php?rest_route=%2Fwp%2Fv2%2Fcategories&post=13222"},{"taxonomy":"post_tag","embeddable":true,"href":"https:\/\/contraluzcucuta.co\/index.php?rest_route=%2Fwp%2Fv2%2Ftags&post=13222"}],"curies":[{"name":"wp","href":"https:\/\/api.w.org\/{rel}","templated":true}]}}