{"id":13210,"date":"2012-07-26T23:13:41","date_gmt":"2012-07-27T04:13:41","guid":{"rendered":"http:\/\/contraluzcucuta.co\/?p=13210"},"modified":"2012-07-26T23:14:04","modified_gmt":"2012-07-27T04:14:04","slug":"policia-adelanto-nuevo-comando-situacional-en-cucuta","status":"publish","type":"post","link":"https:\/\/contraluzcucuta.co\/?p=13210","title":{"rendered":"Polic\u00eda adelant\u00f3 nuevo \u2018Comando Situacional\u2019 en C\u00facuta"},"content":{"rendered":"<p><strong>C\u00daCUTA.-<\/strong> Los habitantes del barrio Ospina P\u00e9rez les hicieron un diagn\u00f3stico a los asuntos de seguridad y convivencia. La jornada se adelant\u00f3 en cumplimiento del \u2018Comando situacional\u2019, programa implementado para fortalecer el acercamiento comunidad-instituci\u00f3n.<\/p>\n<p>En ese barrio, han resultado efectivas las labores de disuasi\u00f3n, prevenci\u00f3n y control mediante el \u2018Plan nacional de vigilancia comunitaria por cuadrantes\u2019. Se han neutralizado conductas delictivas que afectaban la zona.<\/p>\n<p>La estrategia operativa de seguridad y convivencia ciudadana ha permitido la captura de 162 personas por diferentes delitos:<\/p>\n<p><strong>1.-<\/strong> Ocho por fabricaci\u00f3n, tr\u00e1fico o porte de armas de fuego<\/p>\n<p><strong>2.-<\/strong> Veintitr\u00e9s por hurto a personas<\/p>\n<p><strong>3.-<\/strong> Siete por hurto de motocicletas<\/p>\n<p><strong>4.-<\/strong> Cincuentaiocho por fabricaci\u00f3n, tr\u00e1fico o porte de estupefacientes<\/p>\n<p><strong>5.-<\/strong> Once por hurto a comercio. Destaca el desmantelamiento de la banda dedicada al hurto de caf\u00e9s internet. Se recuperaron 15 motocicletas.<\/p>\n<p>El coronel \u00c1lvaro Pico Malaver, comandante de la Mecuc, se\u00f1al\u00f3 que el homicidio se ha reducido en esta parte de la ciudad. A la fecha solo han ocurrido dos casos.<\/p>\n<p>El barrio Ospina P\u00e9rez pertenece a la Comuna 7, en la Ciudadela Juan Atalaya. Desde temprano, los habitantes se reunieron, este 26 de julio, en el parque principal para atender la invitaci\u00f3n de la instituci\u00f3n uniformada.<\/p>\n<p>La parte preventiva se ha llevado a cabo mediante la ejecuci\u00f3n de 20 campa\u00f1as educativas, enfocadas a la prevenci\u00f3n del hurto de motos y a locales comerciales, la protecci\u00f3n de la vida y contra la violencia intrafamiliar.<\/p>\n<p>La campa\u00f1a educativa \u2018Cuida tu moto, toma tu llavero\u2019, invita a propietarios y conductores a tomar medidas de seguridad. El llavero tiene el n\u00famero del tel\u00e9fono celular del cuadrante y la comunidad puede comunicarse para entregar o solicitar informaci\u00f3n.<\/p>\n<p>Las jornadas de integraci\u00f3n con la comunidad continuar\u00e1n el 27 de julio, en coordinaci\u00f3n con la Casa de Justicia de Comuneros. El plan desarme estar\u00e1 dirigido a la comunidad. Habr\u00e1 actividades de integraci\u00f3n, acompa\u00f1amiento y asesor\u00eda jur\u00eddica.<\/p>\n<p>Participar\u00e1n la Comisar\u00eda de Familia, la Inspecci\u00f3n de Polic\u00eda y la Polic\u00eda de Infancia y Adolescencia (Ginad). El 28, en el colegio Mariano Ospina Rodr\u00edguez, se har\u00e1 la clausura del Grupo C\u00edvico Juvenil en Prevenci\u00f3n.<\/p>\n<p>&nbsp; <\/p>\n","protected":false},"excerpt":{"rendered":"<p>C\u00daCUTA.- Los habitantes del barrio Ospina P\u00e9rez les hicieron un diagn\u00f3stico a los asuntos de seguridad y convivencia. La jornada se adelant\u00f3 en cumplimiento del \u2018Comando situacional\u2019, programa implementado para fortalecer el acercamiento comunidad-instituci\u00f3n. En ese barrio, han resultado efectivas las labores de disuasi\u00f3n, prevenci\u00f3n y control mediante el \u2018Plan nacional de vigilancia comunitaria por &hellip;<\/p>\n","protected":false},"author":1,"featured_media":13211,"comment_status":"open","ping_status":"open","sticky":false,"template":"","format":"standard","meta":{"footnotes":""},"categories":[11,4],"tags":[],"class_list":["post-13210","post","type-post","status-publish","format-standard","has-post-thumbnail","hentry","category-cronica-roja","category-barra"],"_links":{"self":[{"href":"https:\/\/contraluzcucuta.co\/index.php?rest_route=\/wp\/v2\/posts\/13210","targetHints":{"allow":["GET"]}}],"collection":[{"href":"https:\/\/contraluzcucuta.co\/index.php?rest_route=\/wp\/v2\/posts"}],"about":[{"href":"https:\/\/contraluzcucuta.co\/index.php?rest_route=\/wp\/v2\/types\/post"}],"author":[{"embeddable":true,"href":"https:\/\/contraluzcucuta.co\/index.php?rest_route=\/wp\/v2\/users\/1"}],"replies":[{"embeddable":true,"href":"https:\/\/contraluzcucuta.co\/index.php?rest_route=%2Fwp%2Fv2%2Fcomments&post=13210"}],"version-history":[{"count":3,"href":"https:\/\/contraluzcucuta.co\/index.php?rest_route=\/wp\/v2\/posts\/13210\/revisions"}],"predecessor-version":[{"id":13214,"href":"https:\/\/contraluzcucuta.co\/index.php?rest_route=\/wp\/v2\/posts\/13210\/revisions\/13214"}],"wp:featuredmedia":[{"embeddable":true,"href":"https:\/\/contraluzcucuta.co\/index.php?rest_route=\/wp\/v2\/media\/13211"}],"wp:attachment":[{"href":"https:\/\/contraluzcucuta.co\/index.php?rest_route=%2Fwp%2Fv2%2Fmedia&parent=13210"}],"wp:term":[{"taxonomy":"category","embeddable":true,"href":"https:\/\/contraluzcucuta.co\/index.php?rest_route=%2Fwp%2Fv2%2Fcategories&post=13210"},{"taxonomy":"post_tag","embeddable":true,"href":"https:\/\/contraluzcucuta.co\/index.php?rest_route=%2Fwp%2Fv2%2Ftags&post=13210"}],"curies":[{"name":"wp","href":"https:\/\/api.w.org\/{rel}","templated":true}]}}