{"id":13204,"date":"2012-07-26T23:04:33","date_gmt":"2012-07-27T04:04:33","guid":{"rendered":"http:\/\/contraluzcucuta.co\/?p=13204"},"modified":"2012-07-26T23:05:27","modified_gmt":"2012-07-27T04:05:27","slug":"351-bajara-el-predial-en-el-2013","status":"publish","type":"post","link":"https:\/\/contraluzcucuta.co\/?p=13204","title":{"rendered":"35,1 % bajar\u00e1 el predial en el 2013"},"content":{"rendered":"<p><strong>C\u00daCUTA.-<\/strong> Las tarifas del impuesto\u00a0 predial unificado bajar\u00e1n \u00a035,1 por ciento, en el 2013, de acuerdo con el espaldarazo que el Concejo le dio al proyecto radicado por la administraci\u00f3n municipal.<\/p>\n<p>El prop\u00f3sito de la iniciativa es que los contribuyentes paguen impuestos acordes con las posibilidades econ\u00f3micas. El beneficio ser\u00e1 para los cucute\u00f1os y permitir\u00e1 el desarrollo de la ciudad por mayor inversi\u00f3n para la malla vial, educaci\u00f3n, salud e infraestructura.<\/p>\n<p>Los due\u00f1os de predios que no se acogieron al primer beneficio del 30 por ciento de descuento, por pronto pago del predial, que venci\u00f3 el 31 de mayo, podr\u00e1n favorecerse con el 26 por ciento, hasta el 31 de agosto.<\/p>\n<p>Las tarifas para la pr\u00f3xima vigencia ser\u00e1n las siguientes:<\/p>\n<p><strong>1.-<\/strong> Del estrato 0 al 3. Ir\u00e1 del 3 al 9,5 por mil. Antes estaba del 4 al 16 por mil.<\/p>\n<p><strong>2.-<\/strong> Estratos 4, 5 y 6. La tarifa de liquidaci\u00f3n ser\u00e1 de 3,5 al 10 por mil.<\/p>\n<p><strong>3.-<\/strong> La proyecci\u00f3n de recaudo para este a\u00f1o es de $120.000 millones. Se espera recibir el 60 por ciento.<\/p>\n<p><strong>4.-<\/strong> Para el 2013, teniendo en cuenta la reducci\u00f3n de las tarifas se proyecta percibir $83.000 millones.<\/p>\n<p><strong>5.-<\/strong> Seg\u00fan la proyecci\u00f3n, el a\u00f1o entrante habr\u00e1 $37.000 millones menos de recaudo en comparaci\u00f3n con el 2012.<\/p>\n<p>&nbsp; <\/p>\n","protected":false},"excerpt":{"rendered":"<p>C\u00daCUTA.- Las tarifas del impuesto\u00a0 predial unificado bajar\u00e1n \u00a035,1 por ciento, en el 2013, de acuerdo con el espaldarazo que el Concejo le dio al proyecto radicado por la administraci\u00f3n municipal. El prop\u00f3sito de la iniciativa es que los contribuyentes paguen impuestos acordes con las posibilidades econ\u00f3micas. El beneficio ser\u00e1 para los cucute\u00f1os y permitir\u00e1 &hellip;<\/p>\n","protected":false},"author":1,"featured_media":13207,"comment_status":"open","ping_status":"open","sticky":false,"template":"","format":"standard","meta":{"footnotes":""},"categories":[36],"tags":[],"class_list":["post-13204","post","type-post","status-publish","format-standard","has-post-thumbnail","hentry","category-la-voz-del-pueblo"],"_links":{"self":[{"href":"https:\/\/contraluzcucuta.co\/index.php?rest_route=\/wp\/v2\/posts\/13204","targetHints":{"allow":["GET"]}}],"collection":[{"href":"https:\/\/contraluzcucuta.co\/index.php?rest_route=\/wp\/v2\/posts"}],"about":[{"href":"https:\/\/contraluzcucuta.co\/index.php?rest_route=\/wp\/v2\/types\/post"}],"author":[{"embeddable":true,"href":"https:\/\/contraluzcucuta.co\/index.php?rest_route=\/wp\/v2\/users\/1"}],"replies":[{"embeddable":true,"href":"https:\/\/contraluzcucuta.co\/index.php?rest_route=%2Fwp%2Fv2%2Fcomments&post=13204"}],"version-history":[{"count":2,"href":"https:\/\/contraluzcucuta.co\/index.php?rest_route=\/wp\/v2\/posts\/13204\/revisions"}],"predecessor-version":[{"id":13209,"href":"https:\/\/contraluzcucuta.co\/index.php?rest_route=\/wp\/v2\/posts\/13204\/revisions\/13209"}],"wp:featuredmedia":[{"embeddable":true,"href":"https:\/\/contraluzcucuta.co\/index.php?rest_route=\/wp\/v2\/media\/13207"}],"wp:attachment":[{"href":"https:\/\/contraluzcucuta.co\/index.php?rest_route=%2Fwp%2Fv2%2Fmedia&parent=13204"}],"wp:term":[{"taxonomy":"category","embeddable":true,"href":"https:\/\/contraluzcucuta.co\/index.php?rest_route=%2Fwp%2Fv2%2Fcategories&post=13204"},{"taxonomy":"post_tag","embeddable":true,"href":"https:\/\/contraluzcucuta.co\/index.php?rest_route=%2Fwp%2Fv2%2Ftags&post=13204"}],"curies":[{"name":"wp","href":"https:\/\/api.w.org\/{rel}","templated":true}]}}