{"id":13193,"date":"2012-07-26T00:26:55","date_gmt":"2012-07-26T05:26:55","guid":{"rendered":"http:\/\/contraluzcucuta.co\/?p=13193"},"modified":"2012-07-26T00:36:01","modified_gmt":"2012-07-26T05:36:01","slug":"cucuta-deportivo-o-yopal-deportivo","status":"publish","type":"post","link":"https:\/\/contraluzcucuta.co\/?p=13193","title":{"rendered":"\u00bfC\u00facuta Deportivo? O \u00bfYopal Deportivo?"},"content":{"rendered":"<p>ara nadie es un secreto que el gramado del estadio General Santander, el \u2018cementerio de los elefantes\u2019, como le digo porque en esta cancha cayeron m\u00edticos y legendarios equipo de Am\u00e9rica, como Boca Juniors (Argentina), campe\u00f3n encopetado de la Copa Libertadores en seis ocasiones, Gremio (Brasil) y Nacional (Uruguay) entre otros; se encuentra en condiciones lamentables y atroces, debido a la lluvia, al inclemente sol, al maltrato al que est\u00e1 expuesto y, por qu\u00e9 no, al p\u00e9simo f\u00fatbol del C\u00facuta Deportivo.<\/p>\n<p>La organizaci\u00f3n de los Juegos Nacionales, en noviembre y diciembre, que permitir\u00e1 ver reflejada la falta de compromiso con el deporte en el departamento, el\u00a0 pobre trabajo de las autoridades encargadas de las justas y el atraso en obras que deber\u00edan estar concluidas, hizo que el equipo de la frontera,\u00a0 la escuadra motilona, fuera obligada a abandonar su resguardo, su casa, en uno de los momentos m\u00e1s dif\u00edciles de los \u00faltimos siete a\u00f1os. Lo digo porque tiene el descenso en las narices \u2018literalmente\u2019. \u00bfY para d\u00f3nde se va el equipo? Preguntaran muchos. Pues \u00a1se va para el llano!<\/p>\n<p>\u00a1S\u00ed!, para el llano, y no porque el llano sea muy lindo, se va por alguno que otro inter\u00e9s econ\u00f3mico. Se traslada para Yopal, capital de Casanare, tierra hermosa de bellos y majestuosos paisajes, due\u00f1a de un folclor \u00fanico y de gente humilde y trabajadora, como casi todos los colombianos. Pero que de f\u00fatbol dudo que sepan. Lo que conozco y he visto de esa zona del pa\u00eds es el coleo (deporte insignia), la deliciosa mamona y la encantadora m\u00fasica de arpa y maracas.<\/p>\n<p>No tengo nada contra la gente buena del llano, pero quisiera que alguien me explicara c\u00f3mo estando cerca a San Crist\u00f3bal (Venezuela), Oca\u00f1a y Villa del Rosario se traslada el equipo a tierras distantes y desconocidas,\u00a0 a una ciudad que cuenta con un estadio con capacidad para albergar solo a 10.000 asientos (que a pesar de ello, dudo que\u00a0 llenen), sin iluminaci\u00f3n y con personas que tal vez no ven ni sienten el f\u00fatbol como pasi\u00f3n y como estilo de vida como muchos de nosotros lo hacemos, privando a los cucute\u00f1os de acompa\u00f1ar y de apoyar al equipo, como siempre lo han hecho, en las buenas y en las malas. Aunque de alguna manera el once motil\u00f3n se sentir\u00e1\u00a0 en casa, o bueno casi en casa, pues el estadio es el Santiago de las Atalayas. \u00bfQu\u00e9 coincidencia no?<\/p>\n<p>\u00bfPor qu\u00e9 los directivos del club tomaron esta decisi\u00f3n? \u00bfHabr\u00e1 alg\u00fan inter\u00e9s econ\u00f3mico de por medio? Vivimos en Colombia y lo m\u00e1s seguro es que as\u00ed sea,\u00a0 y para sorpresa de todos se habla de $1500 \u2018milloncitos\u2019 que se embolsaron por el traslado del equipo a esa ciudad. Dirigentes colombianos al fin y al cabo.<\/p>\n<p>Lo \u00fanico que con total seguridad el cucute\u00f1o, el hincha de coraz\u00f3n, sabe es que har\u00e1 fuerza y apoyar\u00e1 al equipo del alma a la distancia, y as\u00ed los muchachos se inclinen por la m\u00fasica llanera, aprendan a bailar joropo o se consigan una viuda millonaria,\u00a0 fue, es y seguir\u00e1 siendo el equipo de la frontera y el fort\u00edn ser\u00e1 el General Santander.<\/p>\n<p><strong>ELIBARDO LE\u00d3N EST\u00c9VEZ<\/strong><\/p>\n<p><a href=\"mailto:eleones89@hotmail.com\">eleones89@hotmail.com<\/a><\/p>\n<p>&nbsp; <\/p>\n","protected":false},"excerpt":{"rendered":"<p>ara nadie es un secreto que el gramado del estadio General Santander, el \u2018cementerio de los elefantes\u2019, como le digo porque en esta cancha cayeron m\u00edticos y legendarios equipo de Am\u00e9rica, como Boca Juniors (Argentina), campe\u00f3n encopetado de la Copa Libertadores en seis ocasiones, Gremio (Brasil) y Nacional (Uruguay) entre otros; se encuentra en condiciones &hellip;<\/p>\n","protected":false},"author":1,"featured_media":13195,"comment_status":"open","ping_status":"open","sticky":false,"template":"","format":"standard","meta":{"footnotes":""},"categories":[28],"tags":[],"class_list":["post-13193","post","type-post","status-publish","format-standard","has-post-thumbnail","hentry","category-vistazo-deportivo"],"_links":{"self":[{"href":"https:\/\/contraluzcucuta.co\/index.php?rest_route=\/wp\/v2\/posts\/13193","targetHints":{"allow":["GET"]}}],"collection":[{"href":"https:\/\/contraluzcucuta.co\/index.php?rest_route=\/wp\/v2\/posts"}],"about":[{"href":"https:\/\/contraluzcucuta.co\/index.php?rest_route=\/wp\/v2\/types\/post"}],"author":[{"embeddable":true,"href":"https:\/\/contraluzcucuta.co\/index.php?rest_route=\/wp\/v2\/users\/1"}],"replies":[{"embeddable":true,"href":"https:\/\/contraluzcucuta.co\/index.php?rest_route=%2Fwp%2Fv2%2Fcomments&post=13193"}],"version-history":[{"count":4,"href":"https:\/\/contraluzcucuta.co\/index.php?rest_route=\/wp\/v2\/posts\/13193\/revisions"}],"predecessor-version":[{"id":13197,"href":"https:\/\/contraluzcucuta.co\/index.php?rest_route=\/wp\/v2\/posts\/13193\/revisions\/13197"}],"wp:featuredmedia":[{"embeddable":true,"href":"https:\/\/contraluzcucuta.co\/index.php?rest_route=\/wp\/v2\/media\/13195"}],"wp:attachment":[{"href":"https:\/\/contraluzcucuta.co\/index.php?rest_route=%2Fwp%2Fv2%2Fmedia&parent=13193"}],"wp:term":[{"taxonomy":"category","embeddable":true,"href":"https:\/\/contraluzcucuta.co\/index.php?rest_route=%2Fwp%2Fv2%2Fcategories&post=13193"},{"taxonomy":"post_tag","embeddable":true,"href":"https:\/\/contraluzcucuta.co\/index.php?rest_route=%2Fwp%2Fv2%2Ftags&post=13193"}],"curies":[{"name":"wp","href":"https:\/\/api.w.org\/{rel}","templated":true}]}}