{"id":13187,"date":"2012-07-26T00:10:11","date_gmt":"2012-07-26T05:10:11","guid":{"rendered":"http:\/\/contraluzcucuta.co\/?p=13187"},"modified":"2012-07-28T09:03:55","modified_gmt":"2012-07-28T14:03:55","slug":"madres-nortesantandereanas-no-amantan-a-los-hijos","status":"publish","type":"post","link":"https:\/\/contraluzcucuta.co\/?p=13187","title":{"rendered":"Madres nortesantandereanas no amamantan a los hijos"},"content":{"rendered":"<p><strong>C\u00daCUTA.-<\/strong> Las madres nortesantandereanas no cumplen con el tiempo m\u00ednimo de amamantamiento a los hijos.\u00a0 Las mujeres los alimentan solo mes y medio, de los seis meses que exigen las autoridades de salud para garantizar el crecimiento sano del ni\u00f1o.<\/p>\n<p>Ante la situaci\u00f3n presentada, la gestora social del departamento Laura C\u00e1ceres propuso implementar estrategias para que la cifra de lactancia aumente y que las mujeres entiendan que deben darles leche materna a los ni\u00f1os.<\/p>\n<p>\u201cTenemos programada una actividad din\u00e1mica para hacer talleres y concursos durante la celebraci\u00f3n de la Semana de la Lactancia, decoraci\u00f3n de coches, madres gestantes y beb\u00e9s lactantes\u201d, dijo C\u00e1ceres.<\/p>\n<p>Mar\u00eda Victoria Bermont, coordinadora de Salud P\u00fablica del IDS, se\u00f1al\u00f3 que siguiendo los lineamientos nacionales y de la Organizaci\u00f3n Panamericana de la Salud entre los componentes del Milenio se plante\u00f3 que se debe garantizar la lactancia hasta los 6 meses y continua hasta los 2 a\u00f1os.<\/p>\n<p>El 2 de agosto, en la sede del gobierno de Norte de Santander se presentar\u00e1 la Semana de la lactancia, que en esta oportunidad tendr\u00e1 el lema \u2018Comprendiendo el pasado, planificando el futuro\u2019.<\/p>\n<p>El anuncio se hizo en la reuni\u00f3n para conformar el Comit\u00e9 Departamental de Lactancia Materna y en la que participaron Laura C\u00e1ceres, gestora social; Olga Cristina Jaimes, secretaria de la Mujer; Doris Toro, presidenta de la Sociedad Colombiana de Pediatr\u00eda Regional Norte de Santander; Mar\u00eda Victoria Bermont, coordinadora de Salud P\u00fablica del IDS; Martha Uribe, Procuradora de Familia; Nelson Flores, Procurador Regional y delegados de EPS.<\/p>\n<p>El departamento est\u00e1 en mora en la conformaci\u00f3n del Comit\u00e9. El \u00edndice de mujeres amamantando es bajo.<\/p>\n<p>&nbsp; <\/p>\n","protected":false},"excerpt":{"rendered":"<p>C\u00daCUTA.- Las madres nortesantandereanas no cumplen con el tiempo m\u00ednimo de amamantamiento a los hijos.\u00a0 Las mujeres los alimentan solo mes y medio, de los seis meses que exigen las autoridades de salud para garantizar el crecimiento sano del ni\u00f1o. Ante la situaci\u00f3n presentada, la gestora social del departamento Laura C\u00e1ceres propuso implementar estrategias para &hellip;<\/p>\n","protected":false},"author":1,"featured_media":13188,"comment_status":"open","ping_status":"open","sticky":false,"template":"","format":"standard","meta":{"footnotes":""},"categories":[36,1],"tags":[],"class_list":["post-13187","post","type-post","status-publish","format-standard","has-post-thumbnail","hentry","category-la-voz-del-pueblo","category-sin-categoria"],"_links":{"self":[{"href":"https:\/\/contraluzcucuta.co\/index.php?rest_route=\/wp\/v2\/posts\/13187","targetHints":{"allow":["GET"]}}],"collection":[{"href":"https:\/\/contraluzcucuta.co\/index.php?rest_route=\/wp\/v2\/posts"}],"about":[{"href":"https:\/\/contraluzcucuta.co\/index.php?rest_route=\/wp\/v2\/types\/post"}],"author":[{"embeddable":true,"href":"https:\/\/contraluzcucuta.co\/index.php?rest_route=\/wp\/v2\/users\/1"}],"replies":[{"embeddable":true,"href":"https:\/\/contraluzcucuta.co\/index.php?rest_route=%2Fwp%2Fv2%2Fcomments&post=13187"}],"version-history":[{"count":5,"href":"https:\/\/contraluzcucuta.co\/index.php?rest_route=\/wp\/v2\/posts\/13187\/revisions"}],"predecessor-version":[{"id":13231,"href":"https:\/\/contraluzcucuta.co\/index.php?rest_route=\/wp\/v2\/posts\/13187\/revisions\/13231"}],"wp:featuredmedia":[{"embeddable":true,"href":"https:\/\/contraluzcucuta.co\/index.php?rest_route=\/wp\/v2\/media\/13188"}],"wp:attachment":[{"href":"https:\/\/contraluzcucuta.co\/index.php?rest_route=%2Fwp%2Fv2%2Fmedia&parent=13187"}],"wp:term":[{"taxonomy":"category","embeddable":true,"href":"https:\/\/contraluzcucuta.co\/index.php?rest_route=%2Fwp%2Fv2%2Fcategories&post=13187"},{"taxonomy":"post_tag","embeddable":true,"href":"https:\/\/contraluzcucuta.co\/index.php?rest_route=%2Fwp%2Fv2%2Ftags&post=13187"}],"curies":[{"name":"wp","href":"https:\/\/api.w.org\/{rel}","templated":true}]}}