{"id":13182,"date":"2012-07-26T00:05:31","date_gmt":"2012-07-26T05:05:31","guid":{"rendered":"http:\/\/contraluzcucuta.co\/?p=13182"},"modified":"2012-07-26T00:05:52","modified_gmt":"2012-07-26T05:05:52","slug":"cucuta-tendra-mas-policias-para-atacar-el-crimen","status":"publish","type":"post","link":"https:\/\/contraluzcucuta.co\/?p=13182","title":{"rendered":"C\u00facuta tendr\u00e1 m\u00e1s polic\u00edas para atacar el crimen"},"content":{"rendered":"<p><strong>C\u00daCUTA.-<\/strong> Doscientos agentes especiales de la Polic\u00eda llegar\u00e1n a C\u00facuta, en cuatro semanas, para atacar la delincuencia y frenar la oleada de homicidios que atemoriza a los cucute\u00f1os.<\/p>\n<p>Tambi\u00e9n hay la solicitud para que se autorice el env\u00edo de 57 uniformados este a\u00f1o, 500 en el 2013 y 43 en el 2014, para completar los 600 pedidos para combatir el crimen organizado y com\u00fan que se ha tomado a la capital de Norte de Santander.<\/p>\n<p>La cercan\u00eda de la ciudad con la zona de El Catatumbo la convierte en paso obligado y expendio de drogas. Estos hechos son generadores de violencia por lo que se requiere cerrar el anillo por donde entran los narc\u00f3ticos a C\u00facuta para la comercializaci\u00f3n o salida al exterior.<\/p>\n<p>La presencia de bandas criminales y la extorsi\u00f3n, por parte de la delincuencia com\u00fan, obligan al Ej\u00e9rcito y a la Polic\u00eda a trazar un plan de cierre en los corregimientos de C\u00facuta y los municipios del \u00c1rea Metropolitana.<\/p>\n<p>El Ministerio de Defensa orden\u00f3 adelantar procedimientos similares en las \u00e1reas marginadas de la zona urbana. \u201cEl Ej\u00e9rcito ha empezado a actuar\u201d, reconoci\u00f3 el alcalde Donamaris Ram\u00edrez y pidi\u00f3 que siga en esa labor de manera contundente para devolverles el rango de tranquilidad a los cucute\u00f1os.<\/p>\n<p>El teniente coronel Yesid Uraz\u00e1n, adscrito a la Brigada 30, con sede en C\u00facuta, dijo que desde de la Segunda Divisi\u00f3n se han impartido \u00f3rdenes precisas acerca de los trabajos que se deben adelantar. \u201cB\u00e1sicamente, significa aunar esfuerzos con las fuerzas vivas del departamento para erradicar la violencia generada por los grupos al margen de la ley\u201d, dijo el oficial.<\/p>\n<p>Las acciones coordinadas entre militares y polic\u00edas pretenden efectuar los cierres al crimen en la zona de frontera. La presencia de los uniformados para garantizar la convivencia surgi\u00f3 del encuentro, la semana pasada, entre el alcalde Ram\u00edrez y el ministro de la defensa Juan Carlos Pinz\u00f3n.<\/p>\n<p>&nbsp; <\/p>\n","protected":false},"excerpt":{"rendered":"<p>C\u00daCUTA.- Doscientos agentes especiales de la Polic\u00eda llegar\u00e1n a C\u00facuta, en cuatro semanas, para atacar la delincuencia y frenar la oleada de homicidios que atemoriza a los cucute\u00f1os. Tambi\u00e9n hay la solicitud para que se autorice el env\u00edo de 57 uniformados este a\u00f1o, 500 en el 2013 y 43 en el 2014, para completar los &hellip;<\/p>\n","protected":false},"author":1,"featured_media":13183,"comment_status":"open","ping_status":"open","sticky":false,"template":"","format":"standard","meta":{"footnotes":""},"categories":[11,4],"tags":[],"class_list":["post-13182","post","type-post","status-publish","format-standard","has-post-thumbnail","hentry","category-cronica-roja","category-barra"],"_links":{"self":[{"href":"https:\/\/contraluzcucuta.co\/index.php?rest_route=\/wp\/v2\/posts\/13182","targetHints":{"allow":["GET"]}}],"collection":[{"href":"https:\/\/contraluzcucuta.co\/index.php?rest_route=\/wp\/v2\/posts"}],"about":[{"href":"https:\/\/contraluzcucuta.co\/index.php?rest_route=\/wp\/v2\/types\/post"}],"author":[{"embeddable":true,"href":"https:\/\/contraluzcucuta.co\/index.php?rest_route=\/wp\/v2\/users\/1"}],"replies":[{"embeddable":true,"href":"https:\/\/contraluzcucuta.co\/index.php?rest_route=%2Fwp%2Fv2%2Fcomments&post=13182"}],"version-history":[{"count":3,"href":"https:\/\/contraluzcucuta.co\/index.php?rest_route=\/wp\/v2\/posts\/13182\/revisions"}],"predecessor-version":[{"id":13186,"href":"https:\/\/contraluzcucuta.co\/index.php?rest_route=\/wp\/v2\/posts\/13182\/revisions\/13186"}],"wp:featuredmedia":[{"embeddable":true,"href":"https:\/\/contraluzcucuta.co\/index.php?rest_route=\/wp\/v2\/media\/13183"}],"wp:attachment":[{"href":"https:\/\/contraluzcucuta.co\/index.php?rest_route=%2Fwp%2Fv2%2Fmedia&parent=13182"}],"wp:term":[{"taxonomy":"category","embeddable":true,"href":"https:\/\/contraluzcucuta.co\/index.php?rest_route=%2Fwp%2Fv2%2Fcategories&post=13182"},{"taxonomy":"post_tag","embeddable":true,"href":"https:\/\/contraluzcucuta.co\/index.php?rest_route=%2Fwp%2Fv2%2Ftags&post=13182"}],"curies":[{"name":"wp","href":"https:\/\/api.w.org\/{rel}","templated":true}]}}