{"id":13171,"date":"2012-07-24T22:59:26","date_gmt":"2012-07-25T03:59:26","guid":{"rendered":"http:\/\/contraluzcucuta.co\/?p=13171"},"modified":"2012-07-24T23:00:57","modified_gmt":"2012-07-25T04:00:57","slug":"el-reciclaje-y-la-esperanza-de-un-nuevo-dia","status":"publish","type":"post","link":"https:\/\/contraluzcucuta.co\/?p=13171","title":{"rendered":"El reciclaje y la esperanza de un  nuevo d\u00eda"},"content":{"rendered":"<p><strong>C\u00daCUTA.-<\/strong> Jos\u00e9 Ardila, de 53 a\u00f1os, est\u00e1 casado con Virginia Rojas y tienen tres hijos, Socorro, Antonio y M\u00f3nica. Viven en el barrio Belisario (parte baja) en una situaci\u00f3n marginal. El trabajo le ha sido esquivo. Es un empleado m\u00e1s del desempleo en Colombia. Afronta la realidad de los desfavorecidos, mientras los dem\u00e1s solo ven lo de ellos y no salen a la ventana de las lujosas haciendas para ver al pueblo que sufre.<\/p>\n<p>Temprano, recorre los barrios Do\u00f1a Nidia, Carlos Ram\u00edrez, 7 de Agosto y Ni\u00f1a Ceci. El camino termina en Juan Atalaya, en la recicladora de papel G\u00f3mez, de Alejandro Huertas, de 62 a\u00f1os, quien asumi\u00f3 el compromiso de darles trabajo a 42 recogedores de papel en las calles de la C\u00facuta marginada.<\/p>\n<p>Los escasos recursos hacen que en las ma\u00f1anas, menos el jueves, Jos\u00e9 \u00a0salga de casa solo con la\u00a0 bendici\u00f3n de Virginia y el \u201cchao, que te vaya bien\u201d, de Socorro. Antonio y M\u00f3nica descansan en la humilde cama que no alcanza para m\u00e1s de dos, pero en la que el amor abre espacio para los cinco. \u201cNo importa lo apretadito que se vea, lo importante es que estamos unidos\u201d, dijo la madre.<\/p>\n<p>Las manos est\u00e1n desquebrajadas por el contacto con el acero del volante viejo de la acabada carreta. En tiempos dif\u00edciles, se torna suave y llevadera. Pero en aquellos en los que la gente arroja el papel a la calle, se torna pesada. Los huecos ayudan a que el esfuerzo sea mayor y las manos sufran el rigor del oxido que penetra la piel.<\/p>\n<p>El sudor desfila por la achacada cara de este personaje del cart\u00f3n. Son gotas de esperanza que valdr\u00edan cuatro platos sencillos de comida para la familia, son gotas que valen m\u00e1s que las de un atleta que gana el marat\u00f3n en R\u00edo de Janeiro.<\/p>\n<p>Al transitar por las calles las cotizas se pierden entre el polvo que lleva en los pies. La gente se asombra al ver que lleva compa\u00f1\u00eda y le increpan\u00a0 \u201c\u00bfya se cans\u00f3 don Jos\u00e9 de recoger la platica solo y consigui\u00f3 ayudante?\u201d. Don Jos\u00e9 sonr\u00ede y comenta \u201cel sol les est\u00e1 haciendo da\u00f1o, muchachos\u201d.<\/p>\n<p>Llega el medio d\u00eda. Solo ha recogido un paquete de peri\u00f3dicos viejos. Cerca a una tienda, que no tiene nada para ofrecerle al p\u00fablico, sacan unos libros comidos por la polilla. En los diarios amarillentos se entera de noticias pasadas, pero que igual no sab\u00eda que hab\u00edan ocurrido.\u00a0 En una p\u00e1gina ve la foto de una modelo, \u201cqu\u00e9 hermosa, pero tan sin verg\u00fcenza\u201d, afirm\u00f3<\/p>\n<p>El sol golpea el rostro y la esperanza de una nueva alegr\u00eda para la familia se desvanece. El cansancio se apodera de las ganas de luchar. Son las 3:30 de la tarde. El punto de reciclaje, en la primera etapa en Juan Atalaya, est\u00e1 pr\u00f3ximo. Recibir\u00e1 entre $4000 y $6000 que servir\u00e1n para calmar las necesidades de Virginia, Socorro, Antonio y M\u00f3nica.<\/p>\n<p>En silencio aguarda mientras miran el producido del recorrido. La voz de un anciano suena amargada y anuncia el valor de la mercanc\u00eda, \u201cesto da solo cinco mil y ya\u201d. \u00bfAlegr\u00eda o tristeza? La \u00fanica expresi\u00f3n de don Jos\u00e9 es de \u201cno importa, la vida hay que seguirla alimentando\u201d.<\/p>\n<p><strong>JOSE LUIS GALVIS<\/strong><\/p>\n<p>(<a href=\"mailto:newharyer@hotmail.com\">newharyer@hotmail.com<\/a>)<\/p>\n<p>Estudiante de Lengua Castellana<\/p>\n<p>Universidad de Pamplona<\/p>\n<p>Cread de C\u00facuta<\/p>\n<p>&nbsp;<\/p>\n<p>&nbsp;<\/p>\n<p>&nbsp;<\/p>\n<p>&nbsp; <\/p>\n","protected":false},"excerpt":{"rendered":"<p>C\u00daCUTA.- Jos\u00e9 Ardila, de 53 a\u00f1os, est\u00e1 casado con Virginia Rojas y tienen tres hijos, Socorro, Antonio y M\u00f3nica. Viven en el barrio Belisario (parte baja) en una situaci\u00f3n marginal. El trabajo le ha sido esquivo. Es un empleado m\u00e1s del desempleo en Colombia. Afronta la realidad de los desfavorecidos, mientras los dem\u00e1s solo ven &hellip;<\/p>\n","protected":false},"author":1,"featured_media":13172,"comment_status":"open","ping_status":"open","sticky":false,"template":"","format":"standard","meta":{"footnotes":""},"categories":[45],"tags":[],"class_list":["post-13171","post","type-post","status-publish","format-standard","has-post-thumbnail","hentry","category-destacado"],"_links":{"self":[{"href":"https:\/\/contraluzcucuta.co\/index.php?rest_route=\/wp\/v2\/posts\/13171","targetHints":{"allow":["GET"]}}],"collection":[{"href":"https:\/\/contraluzcucuta.co\/index.php?rest_route=\/wp\/v2\/posts"}],"about":[{"href":"https:\/\/contraluzcucuta.co\/index.php?rest_route=\/wp\/v2\/types\/post"}],"author":[{"embeddable":true,"href":"https:\/\/contraluzcucuta.co\/index.php?rest_route=\/wp\/v2\/users\/1"}],"replies":[{"embeddable":true,"href":"https:\/\/contraluzcucuta.co\/index.php?rest_route=%2Fwp%2Fv2%2Fcomments&post=13171"}],"version-history":[{"count":4,"href":"https:\/\/contraluzcucuta.co\/index.php?rest_route=\/wp\/v2\/posts\/13171\/revisions"}],"predecessor-version":[{"id":13176,"href":"https:\/\/contraluzcucuta.co\/index.php?rest_route=\/wp\/v2\/posts\/13171\/revisions\/13176"}],"wp:featuredmedia":[{"embeddable":true,"href":"https:\/\/contraluzcucuta.co\/index.php?rest_route=\/wp\/v2\/media\/13172"}],"wp:attachment":[{"href":"https:\/\/contraluzcucuta.co\/index.php?rest_route=%2Fwp%2Fv2%2Fmedia&parent=13171"}],"wp:term":[{"taxonomy":"category","embeddable":true,"href":"https:\/\/contraluzcucuta.co\/index.php?rest_route=%2Fwp%2Fv2%2Fcategories&post=13171"},{"taxonomy":"post_tag","embeddable":true,"href":"https:\/\/contraluzcucuta.co\/index.php?rest_route=%2Fwp%2Fv2%2Ftags&post=13171"}],"curies":[{"name":"wp","href":"https:\/\/api.w.org\/{rel}","templated":true}]}}