{"id":13160,"date":"2012-07-24T22:29:57","date_gmt":"2012-07-25T03:29:57","guid":{"rendered":"http:\/\/contraluzcucuta.co\/?p=13160"},"modified":"2012-07-24T22:38:39","modified_gmt":"2012-07-25T03:38:39","slug":"docentes-de-norte-de-santander-van-al-programa-todos-a-aprender","status":"publish","type":"post","link":"https:\/\/contraluzcucuta.co\/?p=13160","title":{"rendered":"Docentes de Norte de Santander van al programa \u2018Todos a aprender\u2019"},"content":{"rendered":"<p><strong>C\u00daCUTA.-<\/strong> Trescientos docentes\u00a0 de Norte de Santander y Barrancabermeja (Santander) se prepararan mediante el programa \u2018Todos a aprender, trasformaci\u00f3n de la calidad educativa\u2019, dirigido por el Ministerio de Educaci\u00f3n. Luego, ser\u00e1n difusores en las instituciones educativas.<\/p>\n<p>El prop\u00f3sito es formar docentes de manera did\u00e1ctica en diferentes aspectos\u00a0 para que logren\u00a0 contribuir al mejoramiento del sistema educativo. Este paso le da al gobierno departamental el convencimiento de que avanza por el camino correcto.<\/p>\n<p>\u201cHay que apostarle a la calidad de la educaci\u00f3n, y qu\u00e9 bueno que iniciemos este proceso, logrando buenos resultados en las Pruebas Saber\u201d, dijo el gobernador Edgar D\u00edaz.<\/p>\n<p>El programa fue presentado por el coordinador del Ministerio para las dos regiones Juan Pablo Sinisterra. En la convocatoria participan m\u00e1s de 300 docentes,\u00a0 que luego trasmitir\u00e1n los conocimientos adquiridos en la jornada.<\/p>\n<p>Directores, rectores, coordinadores y profesores de Norte de Santander han mostrado aceptaci\u00f3n y disposici\u00f3n para recibir la capacitaci\u00f3n. El Ministerio est\u00e1 interesado en apoyar a los gobiernos departamentales y a las secretar\u00edas de Educaci\u00f3n acreditados y que deseen mejorar la calidad educativa.<\/p>\n<p>\u201cPretendemos alcanzar una educaci\u00f3n con mayor efectividad, eficiencia y participaci\u00f3n\u00a0 que pueda llegar a todos los sectores de la regi\u00f3n\u201d, dijo Ludy P\u00e1ez, secretaria de Educaci\u00f3n Departamental.<\/p>\n<p>Juan Pablo Sinisterra, coordinador del programa, dijo que los maestros necesitan abrir las puertas al cambio para generar iniciativas y herramientas de aprendizaje con las que lograr\u00e1n la formaci\u00f3n adecuada en ni\u00f1os y j\u00f3venes.<\/p>\n<p>&nbsp; <\/p>\n","protected":false},"excerpt":{"rendered":"<p>C\u00daCUTA.- Trescientos docentes\u00a0 de Norte de Santander y Barrancabermeja (Santander) se prepararan mediante el programa \u2018Todos a aprender, trasformaci\u00f3n de la calidad educativa\u2019, dirigido por el Ministerio de Educaci\u00f3n. Luego, ser\u00e1n difusores en las instituciones educativas. El prop\u00f3sito es formar docentes de manera did\u00e1ctica en diferentes aspectos\u00a0 para que logren\u00a0 contribuir al mejoramiento del sistema &hellip;<\/p>\n","protected":false},"author":1,"featured_media":13161,"comment_status":"open","ping_status":"open","sticky":false,"template":"","format":"standard","meta":{"footnotes":""},"categories":[32],"tags":[],"class_list":["post-13160","post","type-post","status-publish","format-standard","has-post-thumbnail","hentry","category-recorrido-por-la-region"],"_links":{"self":[{"href":"https:\/\/contraluzcucuta.co\/index.php?rest_route=\/wp\/v2\/posts\/13160","targetHints":{"allow":["GET"]}}],"collection":[{"href":"https:\/\/contraluzcucuta.co\/index.php?rest_route=\/wp\/v2\/posts"}],"about":[{"href":"https:\/\/contraluzcucuta.co\/index.php?rest_route=\/wp\/v2\/types\/post"}],"author":[{"embeddable":true,"href":"https:\/\/contraluzcucuta.co\/index.php?rest_route=\/wp\/v2\/users\/1"}],"replies":[{"embeddable":true,"href":"https:\/\/contraluzcucuta.co\/index.php?rest_route=%2Fwp%2Fv2%2Fcomments&post=13160"}],"version-history":[{"count":4,"href":"https:\/\/contraluzcucuta.co\/index.php?rest_route=\/wp\/v2\/posts\/13160\/revisions"}],"predecessor-version":[{"id":13164,"href":"https:\/\/contraluzcucuta.co\/index.php?rest_route=\/wp\/v2\/posts\/13160\/revisions\/13164"}],"wp:featuredmedia":[{"embeddable":true,"href":"https:\/\/contraluzcucuta.co\/index.php?rest_route=\/wp\/v2\/media\/13161"}],"wp:attachment":[{"href":"https:\/\/contraluzcucuta.co\/index.php?rest_route=%2Fwp%2Fv2%2Fmedia&parent=13160"}],"wp:term":[{"taxonomy":"category","embeddable":true,"href":"https:\/\/contraluzcucuta.co\/index.php?rest_route=%2Fwp%2Fv2%2Fcategories&post=13160"},{"taxonomy":"post_tag","embeddable":true,"href":"https:\/\/contraluzcucuta.co\/index.php?rest_route=%2Fwp%2Fv2%2Ftags&post=13160"}],"curies":[{"name":"wp","href":"https:\/\/api.w.org\/{rel}","templated":true}]}}