{"id":13153,"date":"2012-07-24T00:23:31","date_gmt":"2012-07-24T05:23:31","guid":{"rendered":"http:\/\/contraluzcucuta.co\/?p=13153"},"modified":"2012-07-24T00:26:30","modified_gmt":"2012-07-24T05:26:30","slug":"exatletas-de-norte-de-santander-conforman-asociacion","status":"publish","type":"post","link":"https:\/\/contraluzcucuta.co\/?p=13153","title":{"rendered":"Exatletas de Norte de Santander conforman asociaci\u00f3n"},"content":{"rendered":"<p><strong>C\u00daCUTA.-<\/strong> Hombres y mujeres que en alguna ocasi\u00f3n defendieron los colores de Norte de Santander en las pistas de atletismo unieron voces y voluntades para conformar la\u00a0 asociaci\u00f3n, que tendr\u00e1 como finalidad principal brindar apoyo a la Liga en log\u00edstica de juzgamiento y en consejer\u00eda t\u00e9cnica, y tener momentos de sana recreaci\u00f3n.<\/p>\n<p>El 21 de julio se reunieron Julio Medina Caicedo, Marco Aurelio Zambrano, Hugo E. Pacca, Francisco A. Chac\u00edn, \u00c1lvaro Ochoa Camacho, Alfonso Jaimes P\u00e9rez, Miryam Arias, Omaira Bonfante, Stella Bonfante, Yaneth Bernal Lozano, Roc\u00edo Navarro Herrera, Ruth Bonfante, Mauren Rivera, Elizabeth Barbosa Blanco, Edgar Alarc\u00f3n Arias, \u00c1lvaro Arias Pacheco, Jes\u00fas Alfonso Vera, Campo El\u00edas Lindarte, Jos\u00e9 Santiago Ortega, Rafael Rond\u00f3n Espinosa y Jorge Jaimes.<\/p>\n<p>Los exatletas nortesantandereanos dieor rienda suelta al objetivo que ten\u00edan en proyecto hace dos a\u00f1os. Los directivos de la asociaci\u00f3n invitaron a los exdeportistas que por alg\u00fan motivo no han asistido a las reuniones preparatorias para que se integren, aporten ideas y trabajen en com\u00fan para avivar el inter\u00e9s por el atletismo en Norte de Santander y promover el surgimiento de figuras en esta disciplina.<\/p>\n<p>La primera junta directiva de la Asociaci\u00f3n de Exatletas de Norte de Santander qued\u00f3 integrada de la siguiente manera:<\/p>\n<p>Presidente:\u00a0\u00a0\u00a0\u00a0\u00a0\u00a0\u00a0\u00a0\u00a0\u00a0\u00a0\u00a0\u00a0 Jos\u00e9 Santiago Ortega<\/p>\n<p>Vicepresidente: \u00a0\u00a0\u00a0\u00a0 Jes\u00fas Alfonso Vera<\/p>\n<p>Secretario:\u00a0\u00a0 \u00a0\u00a0\u00a0\u00a0 \u00a0\u00a0\u00a0\u00a0\u00a0\u00a0 Rafael Rond\u00f3n Espinosa<\/p>\n<p>Tesorero:\u00a0\u00a0\u00a0\u00a0\u00a0\u00a0\u00a0\u00a0\u00a0\u00a0 \u00a0\u00a0\u00a0\u00a0\u00a0 \u00c1lvaro Arias Pacheco<\/p>\n<p>Vocal Principal: \u00a0\u00a0\u00a0\u00a0 Jorge Jaimes<\/p>\n<p>Vocal Suplente: \u00a0\u00a0\u00a0\u00a0 Elizabeth Barbosa Blanco<\/p>\n<p>Fiscal Principal: \u00a0\u00a0\u00a0\u00a0 Campo El\u00edas Lindarte<\/p>\n<p>Fiscal Suplente: \u00a0\u00a0\u00a0\u00a0 Edgar Alarc\u00f3n Arias<\/p>\n<p>&nbsp;<\/p>\n<p>&nbsp; <\/p>\n","protected":false},"excerpt":{"rendered":"<p>C\u00daCUTA.- Hombres y mujeres que en alguna ocasi\u00f3n defendieron los colores de Norte de Santander en las pistas de atletismo unieron voces y voluntades para conformar la\u00a0 asociaci\u00f3n, que tendr\u00e1 como finalidad principal brindar apoyo a la Liga en log\u00edstica de juzgamiento y en consejer\u00eda t\u00e9cnica, y tener momentos de sana recreaci\u00f3n. El 21 de &hellip;<\/p>\n","protected":false},"author":1,"featured_media":13158,"comment_status":"open","ping_status":"open","sticky":false,"template":"","format":"standard","meta":{"footnotes":""},"categories":[28],"tags":[],"class_list":["post-13153","post","type-post","status-publish","format-standard","has-post-thumbnail","hentry","category-vistazo-deportivo"],"_links":{"self":[{"href":"https:\/\/contraluzcucuta.co\/index.php?rest_route=\/wp\/v2\/posts\/13153","targetHints":{"allow":["GET"]}}],"collection":[{"href":"https:\/\/contraluzcucuta.co\/index.php?rest_route=\/wp\/v2\/posts"}],"about":[{"href":"https:\/\/contraluzcucuta.co\/index.php?rest_route=\/wp\/v2\/types\/post"}],"author":[{"embeddable":true,"href":"https:\/\/contraluzcucuta.co\/index.php?rest_route=\/wp\/v2\/users\/1"}],"replies":[{"embeddable":true,"href":"https:\/\/contraluzcucuta.co\/index.php?rest_route=%2Fwp%2Fv2%2Fcomments&post=13153"}],"version-history":[{"count":4,"href":"https:\/\/contraluzcucuta.co\/index.php?rest_route=\/wp\/v2\/posts\/13153\/revisions"}],"predecessor-version":[{"id":13157,"href":"https:\/\/contraluzcucuta.co\/index.php?rest_route=\/wp\/v2\/posts\/13153\/revisions\/13157"}],"wp:featuredmedia":[{"embeddable":true,"href":"https:\/\/contraluzcucuta.co\/index.php?rest_route=\/wp\/v2\/media\/13158"}],"wp:attachment":[{"href":"https:\/\/contraluzcucuta.co\/index.php?rest_route=%2Fwp%2Fv2%2Fmedia&parent=13153"}],"wp:term":[{"taxonomy":"category","embeddable":true,"href":"https:\/\/contraluzcucuta.co\/index.php?rest_route=%2Fwp%2Fv2%2Fcategories&post=13153"},{"taxonomy":"post_tag","embeddable":true,"href":"https:\/\/contraluzcucuta.co\/index.php?rest_route=%2Fwp%2Fv2%2Ftags&post=13153"}],"curies":[{"name":"wp","href":"https:\/\/api.w.org\/{rel}","templated":true}]}}