{"id":13139,"date":"2012-07-23T23:58:19","date_gmt":"2012-07-24T04:58:19","guid":{"rendered":"http:\/\/contraluzcucuta.co\/?p=13139"},"modified":"2012-07-23T23:58:57","modified_gmt":"2012-07-24T04:58:57","slug":"frente-comun-para-defender-la-zona-franca","status":"publish","type":"post","link":"https:\/\/contraluzcucuta.co\/?p=13139","title":{"rendered":"Frente com\u00fan para defender la Zona Franca"},"content":{"rendered":"<p><strong>C\u00daCUTA.-<\/strong> La declaratoria de la Zona Franca de C\u00facuta como bien improductivo, por parte \u00a0del Gobierno, provoc\u00f3 un remez\u00f3n entre la dirigencia de Norte de Santander, que busca aliarse para evitar la p\u00e9rdida del r\u00e9gimen. La Central de Inversiones S.A. (Cisa) abri\u00f3 licitaci\u00f3n para venderla.<\/p>\n<p>Los gobiernos departamental y municipal, los gremios y los congresistas solicitar\u00e1n una reuni\u00f3n entre los sectores productivos y\u00a0 la naci\u00f3n para proponer una pr\u00f3rroga, que se extender\u00eda mientras se diligencia la consecuci\u00f3n del usuario permanente que elabore el plan maestro de inversi\u00f3n y\u00a0 comercializaci\u00f3n para incentivar el intercambio extranjero, nacional y local.<\/p>\n<p>El gobernador Edgar D\u00edaz plante\u00f3 la necesidad de dialogar con el gobierno central para ampliar los t\u00e9rminos y garantizar que el r\u00e9gimen franco siga en C\u00facuta. La propuesta la hizo en el encuentro con dirigentes regionales y que sirvi\u00f3 para revisar la situaci\u00f3n de la zona franca en la capital nortesantandereana.<\/p>\n<p>Otra alternativa es mantener el\u00a0 trabajo en conjunto, estudiar la posibilidad que mediante los entes territoriales se adquieran los terrenos para que queden en la regi\u00f3n. La intenci\u00f3n es formalizar una alianza con la C\u00e1mara de Comercio de C\u00facuta y los usuarios, para sacar adelante los proyectos para canalizar el capital extranjero, promover y desarrollar el r\u00e9gimen franco.<\/p>\n<p>Los congresistas y representantes\u00a0 de Norte de Santander solicitaron que el proceso de adquisici\u00f3n lo lidere la Gobernaci\u00f3n y se le entregue el bien\u00a0 a t\u00edtulo gratuito. De ese modo la administraci\u00f3n de la Zona Franca la tendr\u00e1 en asocio\u00a0 con usuarios para complementar el manejo y el desarrollo.<\/p>\n<p>A la jornada de socializaci\u00f3n, cumplida el 23 de julio en la sala de juntas de la C\u00e1mara de Comercio, asistieron el alcalde Donamaris Ram\u00edrez, los senadores Manuel Guillermo Mora y Juan Fernando Cristo, el representante a la c\u00e1mara Carlos Alejandro Chac\u00f3n, el presidente ejecutivo de la C\u00e1mara de Comercio, Jos\u00e9 Miguel Gonz\u00e1lez, y usuarios de la Zona Franca de C\u00facuta.<\/p>\n<p>En la cita se evalu\u00f3 y se estudi\u00f3 la declaraci\u00f3n del Gobierno como bien improductivo. La dirigencia regional revisa los pasos que seguir\u00e1n para que el r\u00e9gimen franco no se pierda.<\/p>\n<p>&nbsp; <\/p>\n","protected":false},"excerpt":{"rendered":"<p>C\u00daCUTA.- La declaratoria de la Zona Franca de C\u00facuta como bien improductivo, por parte \u00a0del Gobierno, provoc\u00f3 un remez\u00f3n entre la dirigencia de Norte de Santander, que busca aliarse para evitar la p\u00e9rdida del r\u00e9gimen. La Central de Inversiones S.A. (Cisa) abri\u00f3 licitaci\u00f3n para venderla. Los gobiernos departamental y municipal, los gremios y los congresistas &hellip;<\/p>\n","protected":false},"author":1,"featured_media":13140,"comment_status":"open","ping_status":"open","sticky":false,"template":"","format":"standard","meta":{"footnotes":""},"categories":[32],"tags":[],"class_list":["post-13139","post","type-post","status-publish","format-standard","has-post-thumbnail","hentry","category-recorrido-por-la-region"],"_links":{"self":[{"href":"https:\/\/contraluzcucuta.co\/index.php?rest_route=\/wp\/v2\/posts\/13139","targetHints":{"allow":["GET"]}}],"collection":[{"href":"https:\/\/contraluzcucuta.co\/index.php?rest_route=\/wp\/v2\/posts"}],"about":[{"href":"https:\/\/contraluzcucuta.co\/index.php?rest_route=\/wp\/v2\/types\/post"}],"author":[{"embeddable":true,"href":"https:\/\/contraluzcucuta.co\/index.php?rest_route=\/wp\/v2\/users\/1"}],"replies":[{"embeddable":true,"href":"https:\/\/contraluzcucuta.co\/index.php?rest_route=%2Fwp%2Fv2%2Fcomments&post=13139"}],"version-history":[{"count":2,"href":"https:\/\/contraluzcucuta.co\/index.php?rest_route=\/wp\/v2\/posts\/13139\/revisions"}],"predecessor-version":[{"id":13142,"href":"https:\/\/contraluzcucuta.co\/index.php?rest_route=\/wp\/v2\/posts\/13139\/revisions\/13142"}],"wp:featuredmedia":[{"embeddable":true,"href":"https:\/\/contraluzcucuta.co\/index.php?rest_route=\/wp\/v2\/media\/13140"}],"wp:attachment":[{"href":"https:\/\/contraluzcucuta.co\/index.php?rest_route=%2Fwp%2Fv2%2Fmedia&parent=13139"}],"wp:term":[{"taxonomy":"category","embeddable":true,"href":"https:\/\/contraluzcucuta.co\/index.php?rest_route=%2Fwp%2Fv2%2Fcategories&post=13139"},{"taxonomy":"post_tag","embeddable":true,"href":"https:\/\/contraluzcucuta.co\/index.php?rest_route=%2Fwp%2Fv2%2Ftags&post=13139"}],"curies":[{"name":"wp","href":"https:\/\/api.w.org\/{rel}","templated":true}]}}