{"id":13090,"date":"2012-07-20T21:27:13","date_gmt":"2012-07-21T02:27:13","guid":{"rendered":"http:\/\/contraluzcucuta.co\/?p=13090"},"modified":"2012-07-20T21:27:13","modified_gmt":"2012-07-21T02:27:13","slug":"masiva-participacion-de-cucutenos-en-desfile-del-20-de-julio","status":"publish","type":"post","link":"https:\/\/contraluzcucuta.co\/?p=13090","title":{"rendered":"Masiva participaci\u00f3n de cucute\u00f1os en desfile del 20 de julio"},"content":{"rendered":"<p><strong>C\u00daCUTA.-<\/strong> Millares de cucute\u00f1os, con banderas tricolores y rojinegras, acompa\u00f1aron el desfile militar del 20 de julio, para recordar el Grito de Independencia de 1810. El recorrido por la Avenida Los Libertadores \u00a0parti\u00f3 del puente Francisco de Paula Andrade y culmin\u00f3 en la glorieta Arnulfo Brice\u00f1o.<\/p>\n<p>Este a\u00f1o, los h\u00e9roes octogenarios de la guerra de Corea ganaron en admiraci\u00f3n y respeto, al marchar con \u00a0los colores que defendieron m\u00e1s all\u00e1 de las fronteras colombianas.<\/p>\n<p>Los destacamentos de la Brigada 30 y de la Polic\u00eda, los Bomberos y los guardianes del Instituto Nacional Penitenciario (Inpec) despertaron el inter\u00e9s de ni\u00f1os, j\u00f3venes y adultos agolpados en El Malec\u00f3n.<\/p>\n<p>El ritmo lo pusieron las bandas de paz, que contrastaron con el lento andar de los carros de combate, las patrullas, los perros y el robot de la Unidad Antiexplosivos de la Polic\u00eda.<\/p>\n<p>En la ma\u00f1ana soleada del viernes, los cucute\u00f1os recordaron las gestas emancipadoras de hace 202 a\u00f1os. \u201cLa ciudadan\u00eda respondi\u00f3 al llamado de la administraci\u00f3n municipal\u201d, dijo el alcalde Donamaris Ram\u00edrez. \u201cD\u00edas como hoy, nos deben permitir ser m\u00e1s colombianos y cucute\u00f1os\u201d.<\/p>\n<p>Los cucute\u00f1os vivieron la fecha con fervor patrio y engalanaron las casas y los edificios con las banderas de Colombia.<\/p>\n<p>El desfile fue presidido por el gobernador Edgar D\u00edaz, el alcalde Donamaris Ram\u00edrez y los altos mandos militares y policiales.<\/p>\n<p>En el parque de la Confraternidad, en la Avenida Los Libertadores, frente a las estatuas pedestres del libertador Sim\u00f3n Bol\u00edvar y del fundador de la rep\u00fablica Francisco de Paula Santander, se deposit\u00f3 la ofrenda floral para honrar a los precursores de la colombianidad.<\/p>\n<p>Monse\u00f1or Julio C\u00e9sar Vidal Ortiz, Obispo de la Di\u00f3cesis de C\u00facuta, ofici\u00f3, en la Catedral de San Jos\u00e9, el tedeum conmemorativo del 202 aniversario de Grito de Independencia.<\/p>\n<p>&nbsp; <\/p>\n","protected":false},"excerpt":{"rendered":"<p>C\u00daCUTA.- Millares de cucute\u00f1os, con banderas tricolores y rojinegras, acompa\u00f1aron el desfile militar del 20 de julio, para recordar el Grito de Independencia de 1810. El recorrido por la Avenida Los Libertadores \u00a0parti\u00f3 del puente Francisco de Paula Andrade y culmin\u00f3 en la glorieta Arnulfo Brice\u00f1o. Este a\u00f1o, los h\u00e9roes octogenarios de la guerra de &hellip;<\/p>\n","protected":false},"author":1,"featured_media":13091,"comment_status":"open","ping_status":"open","sticky":false,"template":"","format":"standard","meta":{"footnotes":""},"categories":[36],"tags":[340],"class_list":["post-13090","post","type-post","status-publish","format-standard","has-post-thumbnail","hentry","category-la-voz-del-pueblo","tag-desfile-del-20-de-julio"],"_links":{"self":[{"href":"https:\/\/contraluzcucuta.co\/index.php?rest_route=\/wp\/v2\/posts\/13090","targetHints":{"allow":["GET"]}}],"collection":[{"href":"https:\/\/contraluzcucuta.co\/index.php?rest_route=\/wp\/v2\/posts"}],"about":[{"href":"https:\/\/contraluzcucuta.co\/index.php?rest_route=\/wp\/v2\/types\/post"}],"author":[{"embeddable":true,"href":"https:\/\/contraluzcucuta.co\/index.php?rest_route=\/wp\/v2\/users\/1"}],"replies":[{"embeddable":true,"href":"https:\/\/contraluzcucuta.co\/index.php?rest_route=%2Fwp%2Fv2%2Fcomments&post=13090"}],"version-history":[{"count":2,"href":"https:\/\/contraluzcucuta.co\/index.php?rest_route=\/wp\/v2\/posts\/13090\/revisions"}],"predecessor-version":[{"id":13093,"href":"https:\/\/contraluzcucuta.co\/index.php?rest_route=\/wp\/v2\/posts\/13090\/revisions\/13093"}],"wp:featuredmedia":[{"embeddable":true,"href":"https:\/\/contraluzcucuta.co\/index.php?rest_route=\/wp\/v2\/media\/13091"}],"wp:attachment":[{"href":"https:\/\/contraluzcucuta.co\/index.php?rest_route=%2Fwp%2Fv2%2Fmedia&parent=13090"}],"wp:term":[{"taxonomy":"category","embeddable":true,"href":"https:\/\/contraluzcucuta.co\/index.php?rest_route=%2Fwp%2Fv2%2Fcategories&post=13090"},{"taxonomy":"post_tag","embeddable":true,"href":"https:\/\/contraluzcucuta.co\/index.php?rest_route=%2Fwp%2Fv2%2Ftags&post=13090"}],"curies":[{"name":"wp","href":"https:\/\/api.w.org\/{rel}","templated":true}]}}