{"id":13068,"date":"2012-07-19T23:16:32","date_gmt":"2012-07-20T04:16:32","guid":{"rendered":"http:\/\/contraluzcucuta.co\/?p=13068"},"modified":"2012-07-19T23:16:32","modified_gmt":"2012-07-20T04:16:32","slug":"museo-en-vivo-para-rendir-homenaje-a-santander","status":"publish","type":"post","link":"https:\/\/contraluzcucuta.co\/?p=13068","title":{"rendered":"\u2018Museo en vivo\u2019 para rendir homenaje a Santander"},"content":{"rendered":"<p><strong>VILLA DEL ROSARIO.-<\/strong> El general Francisco de Paula Santander cumpli\u00f3, el 2 de abril, 220 a\u00f1os de nacimiento. Para conmemorar esta fecha hist\u00f3rica, se puso en escena la obra teatral \u00a0\u2018Museo en vivo, aqu\u00ed naci\u00f3 Colombia\u2019, que recrea momentos de la vida del departamento.<\/p>\n<p>La presentaci\u00f3n se llev\u00f3 a cabo, la noche del 19 de julio, en el Templo Hist\u00f3rico de Villa del Rosario, y sirvi\u00f3 de pre\u00e1mbulo para recordar el Grito de Independencia.<\/p>\n<p>La iniciativa cultural e hist\u00f3rica, representada por la Corporaci\u00f3n Arte \u2013 Cultura, muestra a la ciudadan\u00eda la historia de pr\u00f3ceres de la regi\u00f3n y hechos que se llevaron a cabo en ese mismo lugar hace muchos a\u00f1os.<\/p>\n<p>El objetivo es hacer que el p\u00fablico interact\u00fae y sea como protagonista en las propuestas esc\u00e9nicas mediante el recorrido en el tiempo, desde la Conquista.<\/p>\n<p>Un cronista cuenta los hechos y acompa\u00f1a al p\u00fablico en la visita al templo hist\u00f3rico:<\/p>\n<p><strong>1.-<\/strong> Llegada de los conquistadores y encuentro con las ind\u00edgenas.<\/p>\n<p><strong>2.-<\/strong> Donaci\u00f3n de las tierras por Juana Rangel de Cu\u00e9llar y Juan Atalaya para la fundaci\u00f3n de C\u00facuta.<\/p>\n<p><strong>3.-<\/strong> Conversaciones de Bol\u00edvar, Santander y Manuelita S\u00e1enz al firmar la primera constituci\u00f3n.<\/p>\n<p><strong>4.-<\/strong> Aparici\u00f3n de la hero\u00edna Mercedes \u00c1brego, Biofilo Panclasta, El\u00edas M Soto, Jos\u00e9 Rozo Contreras, Eduardo Cote Lamus, Camilo Daza, Rafael Garc\u00eda-Herreros y Virgilio Barco.<\/p>\n<p>&nbsp;<\/p>\n<p><strong><\/strong> <\/p>\n","protected":false},"excerpt":{"rendered":"<p>VILLA DEL ROSARIO.- El general Francisco de Paula Santander cumpli\u00f3, el 2 de abril, 220 a\u00f1os de nacimiento. Para conmemorar esta fecha hist\u00f3rica, se puso en escena la obra teatral \u00a0\u2018Museo en vivo, aqu\u00ed naci\u00f3 Colombia\u2019, que recrea momentos de la vida del departamento. La presentaci\u00f3n se llev\u00f3 a cabo, la noche del 19 de &hellip;<\/p>\n","protected":false},"author":1,"featured_media":13069,"comment_status":"open","ping_status":"open","sticky":false,"template":"","format":"standard","meta":{"footnotes":""},"categories":[4,37],"tags":[],"class_list":["post-13068","post","type-post","status-publish","format-standard","has-post-thumbnail","hentry","category-barra","category-paseo-cultural"],"_links":{"self":[{"href":"https:\/\/contraluzcucuta.co\/index.php?rest_route=\/wp\/v2\/posts\/13068","targetHints":{"allow":["GET"]}}],"collection":[{"href":"https:\/\/contraluzcucuta.co\/index.php?rest_route=\/wp\/v2\/posts"}],"about":[{"href":"https:\/\/contraluzcucuta.co\/index.php?rest_route=\/wp\/v2\/types\/post"}],"author":[{"embeddable":true,"href":"https:\/\/contraluzcucuta.co\/index.php?rest_route=\/wp\/v2\/users\/1"}],"replies":[{"embeddable":true,"href":"https:\/\/contraluzcucuta.co\/index.php?rest_route=%2Fwp%2Fv2%2Fcomments&post=13068"}],"version-history":[{"count":2,"href":"https:\/\/contraluzcucuta.co\/index.php?rest_route=\/wp\/v2\/posts\/13068\/revisions"}],"predecessor-version":[{"id":13071,"href":"https:\/\/contraluzcucuta.co\/index.php?rest_route=\/wp\/v2\/posts\/13068\/revisions\/13071"}],"wp:featuredmedia":[{"embeddable":true,"href":"https:\/\/contraluzcucuta.co\/index.php?rest_route=\/wp\/v2\/media\/13069"}],"wp:attachment":[{"href":"https:\/\/contraluzcucuta.co\/index.php?rest_route=%2Fwp%2Fv2%2Fmedia&parent=13068"}],"wp:term":[{"taxonomy":"category","embeddable":true,"href":"https:\/\/contraluzcucuta.co\/index.php?rest_route=%2Fwp%2Fv2%2Fcategories&post=13068"},{"taxonomy":"post_tag","embeddable":true,"href":"https:\/\/contraluzcucuta.co\/index.php?rest_route=%2Fwp%2Fv2%2Ftags&post=13068"}],"curies":[{"name":"wp","href":"https:\/\/api.w.org\/{rel}","templated":true}]}}