{"id":13055,"date":"2012-07-19T09:09:45","date_gmt":"2012-07-19T14:09:45","guid":{"rendered":"http:\/\/contraluzcucuta.co\/?p=13055"},"modified":"2012-07-19T09:09:45","modified_gmt":"2012-07-19T14:09:45","slug":"maestro-que-paso-con-piazzola","status":"publish","type":"post","link":"https:\/\/contraluzcucuta.co\/?p=13055","title":{"rendered":"\u201cMaestro, qu\u00e9 pas\u00f3 con Piazzola\u201d"},"content":{"rendered":"<p><strong>C\u00daCUTA.-<\/strong> La fiesta comenz\u00f3 bien. La core\u00f3grafa Margarita Acevedo recibi\u00f3 elogios, se llev\u00f3 otras dos placas para la casa, la Alcald\u00eda y la Gobernaci\u00f3n le ofrecieron trabajo para que saque los bailes de la academia y los ponga al servicio de ni\u00f1os desvalidos y los ingresos aumentar\u00e1n, por este a\u00f1o, en $4,0 millones mensuales.<\/p>\n<p>El Teatro Zulima recibi\u00f3 a nuevos visitantes en desarrollo del programa \u2018Mi\u00e9rcoles de cultura\u2019, que en esta ocasi\u00f3n ten\u00eda como atractivo el recorrido por el tango desde Gardel hasta Piazzola. La organizaci\u00f3n corri\u00f3 por cuenta de la Fundaci\u00f3n Cer\u00e1mica Italia.<\/p>\n<p>El programa se present\u00f3 a manera de recordatorio de la despedida de Carlos Gardel de la ciudad. \u2018El trueno gordo de la temporada en el Guzm\u00e1n Berti\u2019. La funci\u00f3n se ofreci\u00f3 con gancho y la entrada costaba entre $0,08 $0,21. El precio variaba de galer\u00eda a palco y luneta especial.<\/p>\n<p>\u201cQuiere Gardel dejar como un recuerdo imperecedero entre todos los habitantes de esta bella ciudad, la letra pegajosa de todas las canciones que componen esta aplaudida pel\u00edcula (Las luces de Buenos Aires)\u201d, dec\u00eda la motivaci\u00f3n al espect\u00e1culo. Ocurri\u00f3, el 12 de enero de 1934, a las 9:00 de la noche.<\/p>\n<p>La velada de este 18 de julio, se reparti\u00f3 en tres partes. La introducci\u00f3n, que dio paso a los gobiernos municipal y departamental para reconocer la labor de Margarita Acevedo. Merecido el halago.<\/p>\n<p>La primera parte, Coda del ballet \u2018Paquita\u2019, y\u00a0 \u2018Homenaje a un bailar\u00edn ca\u00eddo\u2019. Los peque\u00f1os bailarines se combinaron con los mayores para deleitar a los asistentes, que aplaudieron cada acto. Las figuras danzando en el escenario y la m\u00fasica de fondo se pusieron de acuerdo para hacerles vivir a los cucute\u00f1os el acercamiento con la cultura.<\/p>\n<p>La segunda parte fue el homenaje a \u2018Pacho\u2019 Gal\u00e1n en los 100 a\u00f1os del porro. El grupo de danzas de la Universidad Francisco de Paula Santander, dirigido por Juan Becerra, bail\u00f3, cant\u00f3, grit\u00f3 y disfrut\u00f3 del espect\u00e1culo preparado para la ocasi\u00f3n.<\/p>\n<p>Los trajes coloridos, las polleras floreadas, las minifaldas destellantes y los vestidos masculinos alegraron la nota. El recorrido por la historia ilustr\u00f3 acerca de este ritmo que se disfruta en las fiestas sin conocerse las ra\u00edces ni los int\u00e9rpretes.<\/p>\n<p>La noche termin\u00f3 con el espacio dedicado a Gardel y Piazzola. En el recinto se escucharon \u2018Por una cabeza\u2019 y \u2018Caminito\u2019. Los danzarines cumplieron el papel y demostraron sus dotes.<\/p>\n<p>Hasta ah\u00ed, el programa fue normal. Al terminar la canci\u00f3n, el sonido se apag\u00f3. Pasaron largos segundos a la espera del reinicio del programa. La audiencia esperaba tranquila. De repente, tron\u00f3 desde la tarima el grito \u201cmaestro, qu\u00e9 pas\u00f3 con Piazzola\u201d. Y se vio a una Margarita Acevedo perturbada, nerviosa y mandona. Diferente a la que hab\u00eda recibido, minutos antes, medalla y placas. Sorpresa en el Zulima, m\u00e1s si es un acto cultural.<\/p>\n<p>La m\u00fasica regreso y son\u00f3 \u2018Tristeza de un doble AA\u2019. Los bailarines, para deslizarse con comodidad dejaron los zapatos a un lado y danzaron descalzos. Los espectadores notaron el cambio, pero no dijeron nada. La verdad, hab\u00edan pagado por el espect\u00e1culo.<\/p>\n<p>Al t\u00e9rmino del baile, de nuevo la voz de la core\u00f3grafa. Rega\u00f1os, pataletas y justificaciones. La actitud soberbia de la reci\u00e9n homenajeada por ser cultora no cal\u00f3 y caus\u00f3 extra\u00f1eza. Ni siquiera tuvo tiempo para despedirse y para agradecer la invitaci\u00f3n. En la calle, los rumores no la favorecieron.<\/p>\n<p style=\"text-align: right;\"><strong>RAFAEL ANTONIO PAB\u00d3N<\/strong><\/p>\n<p style=\"text-align: right;\"><a href=\"mailto:rafaelpabon58@hotmail.com\">rafaelpabon58@hotmail.com<\/a><\/p>\n","protected":false},"excerpt":{"rendered":"<p>C\u00daCUTA.- La fiesta comenz\u00f3 bien. La core\u00f3grafa Margarita Acevedo recibi\u00f3 elogios, se llev\u00f3 otras dos placas para la casa, la Alcald\u00eda y la Gobernaci\u00f3n le ofrecieron trabajo para que saque los bailes de la academia y los ponga al servicio de ni\u00f1os desvalidos y los ingresos aumentar\u00e1n, por este a\u00f1o, en $4,0 millones mensuales. El &hellip;<\/p>\n","protected":false},"author":1,"featured_media":13056,"comment_status":"open","ping_status":"open","sticky":false,"template":"","format":"standard","meta":{"footnotes":""},"categories":[4,37],"tags":[],"class_list":["post-13055","post","type-post","status-publish","format-standard","has-post-thumbnail","hentry","category-barra","category-paseo-cultural"],"_links":{"self":[{"href":"https:\/\/contraluzcucuta.co\/index.php?rest_route=\/wp\/v2\/posts\/13055","targetHints":{"allow":["GET"]}}],"collection":[{"href":"https:\/\/contraluzcucuta.co\/index.php?rest_route=\/wp\/v2\/posts"}],"about":[{"href":"https:\/\/contraluzcucuta.co\/index.php?rest_route=\/wp\/v2\/types\/post"}],"author":[{"embeddable":true,"href":"https:\/\/contraluzcucuta.co\/index.php?rest_route=\/wp\/v2\/users\/1"}],"replies":[{"embeddable":true,"href":"https:\/\/contraluzcucuta.co\/index.php?rest_route=%2Fwp%2Fv2%2Fcomments&post=13055"}],"version-history":[{"count":2,"href":"https:\/\/contraluzcucuta.co\/index.php?rest_route=\/wp\/v2\/posts\/13055\/revisions"}],"predecessor-version":[{"id":13058,"href":"https:\/\/contraluzcucuta.co\/index.php?rest_route=\/wp\/v2\/posts\/13055\/revisions\/13058"}],"wp:featuredmedia":[{"embeddable":true,"href":"https:\/\/contraluzcucuta.co\/index.php?rest_route=\/wp\/v2\/media\/13056"}],"wp:attachment":[{"href":"https:\/\/contraluzcucuta.co\/index.php?rest_route=%2Fwp%2Fv2%2Fmedia&parent=13055"}],"wp:term":[{"taxonomy":"category","embeddable":true,"href":"https:\/\/contraluzcucuta.co\/index.php?rest_route=%2Fwp%2Fv2%2Fcategories&post=13055"},{"taxonomy":"post_tag","embeddable":true,"href":"https:\/\/contraluzcucuta.co\/index.php?rest_route=%2Fwp%2Fv2%2Ftags&post=13055"}],"curies":[{"name":"wp","href":"https:\/\/api.w.org\/{rel}","templated":true}]}}