{"id":13052,"date":"2012-07-19T09:07:50","date_gmt":"2012-07-19T14:07:50","guid":{"rendered":"http:\/\/contraluzcucuta.co\/?p=13052"},"modified":"2012-07-19T09:07:50","modified_gmt":"2012-07-19T14:07:50","slug":"la-plaza-central-plazuela-de-la-amistad","status":"publish","type":"post","link":"https:\/\/contraluzcucuta.co\/?p=13052","title":{"rendered":"La Plaza Central, plazuela de la amistad"},"content":{"rendered":"<p style=\"text-align: left;\"><strong>C\u00daCUTA<\/strong>.- La Plaza Central es un espacio cucute\u00f1o donde se respiran tranquilidad y paz. Hace 18 a\u00f1os, all\u00ed se viv\u00eda en medio del caos vehicular. Los pitos de los carros y el af\u00e1n de los transe\u00fantes eran parte del traj\u00edn diario del lugar (calle 11, entre avenidas 6 y 7). En 1994, dej\u00f3 de ser sitio de bullicio para convertirse en la plazuela agradable. Almacenes de ropa y calzado, y joyer\u00edas hacen parte del ambiente cotidiano.<\/p>\n<p style=\"text-align: left;\">Hombres y mujeres mayores de edad son los habituales visitantes. Desempleados y pensionados se re\u00fanen a jugar cartas, parqu\u00e9s y ajedrez para pasar las horas distra\u00eddos. Hablan, se r\u00eden a carcajadas y desbordan alegr\u00eda.<\/p>\n<p style=\"text-align: left;\">En medio de la plaza llaman la atenci\u00f3n tres vendedores de comida por las filas que hacen los clientes para probar los alimentos. Doris vende pasteles, llega a las 4:00 de la tarde; Ana vende morcillas ricas e inigualables, ese es su lema, y Luis, el caballero del caf\u00e9, a diario divierte con chistes gastron\u00f3micos que cuenta con gracia.<\/p>\n<p style=\"text-align: left;\">No solo la arquitectura de un lugar y la gente lo hacen bello, la naturaleza es parte fundamental de la belleza. Los techos\u00a0de los almacenes son adornados por las inquietas palomas, que vuelan libres.<\/p>\n<p style=\"text-align: left;\">En la ma\u00f1ana, el lugar permanece solo. La movilidad empieza a partir de las 3:00 de la tarde, hora indicada para que los vendedores se ubiquen en los puestos de trabajo y comiencen a atender a los compradores.<\/p>\n<p style=\"text-align: left;\">Este sitio parece congelado en el tiempo. Los objetos y la ropa que venden los almacenes son cl\u00e1sicos. Las modas son aptas para abuelos. La fuente de agua funciona espor\u00e1dicamente y sirve de asiento para los que se quedan sin banca y quieren ver a los jugadores, o para que las aves sacien la sed.<\/p>\n<p style=\"text-align: left;\">Los \u00e1rboles que circundan las ceras dan frescura al lugar. El calor tradicional de C\u00facuta no se siente debido al empe\u00f1o que le ponen los asiduos visitantes. Aqu\u00ed, las preocupaciones estorban. La \u00fanica regla es pasarla bien y disfrutar el momento.<\/p>\n<p style=\"text-align: left;\">El busto de V\u00edctor Manuel Guerrero vigila la plaza de noche y de d\u00eda. Este m\u00fasico tocaba todos los instrumentos de cuerda en especial el viol\u00edn, por tal motivo lo llamaban \u2018El poeta del viol\u00edn\u2019, como est\u00e1 escrito en el busto que hace homenaje a su historia.<\/p>\n<p style=\"text-align: left;\">Los hombres y las mujeres que pasan por la plaza sienten que nada ha cambiado con los a\u00f1os. El trato familiar y la fachada siguen intactos. Esta plazuela, sin que los propiciadores lo pensaran, se convirti\u00f3 en refugio para los que quieren vivir felices en su \u00e9poca y conservar las tradiciones.<\/p>\n<p style=\"text-align: right;\"><strong>DANIELA VILLEGAS CORT\u00c9S<br \/>\ndanifer2428@hotmail.com<\/strong><\/p>\n","protected":false},"excerpt":{"rendered":"<p>C\u00daCUTA.- La Plaza Central es un espacio cucute\u00f1o donde se respiran tranquilidad y paz. Hace 18 a\u00f1os, all\u00ed se viv\u00eda en medio del caos vehicular. Los pitos de los carros y el af\u00e1n de los transe\u00fantes eran parte del traj\u00edn diario del lugar (calle 11, entre avenidas 6 y 7). En 1994, dej\u00f3 de ser &hellip;<\/p>\n","protected":false},"author":1,"featured_media":13053,"comment_status":"open","ping_status":"open","sticky":false,"template":"","format":"standard","meta":{"footnotes":""},"categories":[45],"tags":[],"class_list":["post-13052","post","type-post","status-publish","format-standard","has-post-thumbnail","hentry","category-destacado"],"_links":{"self":[{"href":"https:\/\/contraluzcucuta.co\/index.php?rest_route=\/wp\/v2\/posts\/13052","targetHints":{"allow":["GET"]}}],"collection":[{"href":"https:\/\/contraluzcucuta.co\/index.php?rest_route=\/wp\/v2\/posts"}],"about":[{"href":"https:\/\/contraluzcucuta.co\/index.php?rest_route=\/wp\/v2\/types\/post"}],"author":[{"embeddable":true,"href":"https:\/\/contraluzcucuta.co\/index.php?rest_route=\/wp\/v2\/users\/1"}],"replies":[{"embeddable":true,"href":"https:\/\/contraluzcucuta.co\/index.php?rest_route=%2Fwp%2Fv2%2Fcomments&post=13052"}],"version-history":[{"count":1,"href":"https:\/\/contraluzcucuta.co\/index.php?rest_route=\/wp\/v2\/posts\/13052\/revisions"}],"predecessor-version":[{"id":13054,"href":"https:\/\/contraluzcucuta.co\/index.php?rest_route=\/wp\/v2\/posts\/13052\/revisions\/13054"}],"wp:featuredmedia":[{"embeddable":true,"href":"https:\/\/contraluzcucuta.co\/index.php?rest_route=\/wp\/v2\/media\/13053"}],"wp:attachment":[{"href":"https:\/\/contraluzcucuta.co\/index.php?rest_route=%2Fwp%2Fv2%2Fmedia&parent=13052"}],"wp:term":[{"taxonomy":"category","embeddable":true,"href":"https:\/\/contraluzcucuta.co\/index.php?rest_route=%2Fwp%2Fv2%2Fcategories&post=13052"},{"taxonomy":"post_tag","embeddable":true,"href":"https:\/\/contraluzcucuta.co\/index.php?rest_route=%2Fwp%2Fv2%2Ftags&post=13052"}],"curies":[{"name":"wp","href":"https:\/\/api.w.org\/{rel}","templated":true}]}}