{"id":13039,"date":"2012-07-18T08:46:09","date_gmt":"2012-07-18T13:46:09","guid":{"rendered":"http:\/\/contraluzcucuta.co\/?p=13039"},"modified":"2012-07-18T08:46:09","modified_gmt":"2012-07-18T13:46:09","slug":"ministro-de-defensa-puso-en-marcha-estrategias-de-seguridad","status":"publish","type":"post","link":"https:\/\/contraluzcucuta.co\/?p=13039","title":{"rendered":"Ministro de Defensa puso en marcha estrategias de Seguridad"},"content":{"rendered":"<p><em><\/em><strong>C\u00daCUTA<\/strong>.- $3.000 millones se invertir\u00e1n este a\u00f1o en la Polic\u00eda Metropolitana, mientras otros $1.200 millones se destinar\u00e1n para la tecnolog\u00eda. Con los recursos se adquirir\u00e1n 500 computadores, 110 radios de comunicaci\u00f3n, una torre de comunicaci\u00f3n y c\u00e1maras de videos.<\/p>\n<p>El anuncio lo hizo el ministro de defensa Juan Carlos Pinz\u00f3n, en C\u00facuta, y sostuvo que en lo que resta del 2012 llegar\u00e1n a la capital nortesantandereana 6 veh\u00edculos para la Polic\u00eda; en el 2013, otros 18, y en el 2014, otros 13, que permitir\u00e1n mejorar la movilizaci\u00f3n de los agentes.<br \/>\nEl jefe de la cartera y el director de la Polic\u00eda, general Jos\u00e9 Roberto Le\u00f3n Ria\u00f1o, presentaron este 17 de julio en C\u00facuta una de las 16 estrategias operativas de Seguridad y Convivencia Ciudadana, denominada \u2018Coraz\u00f3n Verde\u2019.<br \/>\nPinz\u00f3n entreg\u00f3 reconocimientos a polic\u00edas y l\u00edderes c\u00edvicos que han impulsado los cuadrantes de seguridad, mediante el aporte y entrega de informaci\u00f3n, apoyo a las actividades, programas y campa\u00f1as institucionales, y el acompa\u00f1amiento a procesos judiciales, para atacar el delito.<br \/>\n\u201cLa fuerza p\u00fablica, por m\u00e1s fuerte, por m\u00e1s avances que se tengan, por s\u00ed sola no puede enfrentar el crimen. Es por ello que se requiere de la voluntad y del liderazgo de las autoridades (civiles), as\u00ed como del trabajo comprometido de las comunidades\u201d, afirm\u00f3 Pinz\u00f3n.<br \/>\nEn Norte de Santander, dijo, el Gobierno ha puesto especial inter\u00e9s y particular importancia. En febrero, se puso en marcha el \u2018Plan Espada de Honor\u2019, para enfrentar a los grupos terroristas. En esta acci\u00f3n las Fuerzas Militares llevan el papel preponderante y la Polic\u00eda ofrece apoyo.<br \/>\nLa entrada de la Fuerza de Tarea Vulcano a El Catatumbo ha permitido la captura de 100 miembros de las Farc y del Eln, la desmovilizaci\u00f3n de guerrilleros y la muerte de varios en combates.<br \/>\nDestac\u00f3 la importancia de tener un Conpes para esta zona de Norte de Santander con programas de infraestructura y sociales que complementen el esfuerzo de quitarle al terrorismo esa regi\u00f3n.<br \/>\nEl director de la Polic\u00eda, general Le\u00f3n Ria\u00f1o expres\u00f3 que las estrategias que se adoptar\u00e1n en el pa\u00eds buscar\u00e1n contrarrestar de manera oportuna y contundente el accionar de las organizaciones delincuenciales y de la criminalidad.<br \/>\nEntre las nuevas medidas figuran:<br \/>\n1.- Fomento a la convivencia ciudadana<br \/>\n2.- Pol\u00edticas antidrogas<br \/>\n3.- Protecci\u00f3n a las poblaciones vulnerables<br \/>\n4.- Seguridad vial<br \/>\n5.- Prevenci\u00f3n del hurto de tel\u00e9fonos celulares y de los delitos inform\u00e1ticos<br \/>\n6.- Protecci\u00f3n a la infancia y a la adolescencia<br \/>\n7.- Restituci\u00f3n de tierras<br \/>\n8.- Sistema integrado de seguridad<br \/>\n9.- Lucha contra la explotaci\u00f3n il\u00edcita de yacimientos mineros.<br \/>\nAl acto, que tuvo lugar en el coliseo del colegio Municipal de Bachillerato, asistieron Luddy P\u00e1ez Ortega, gobernadora (e), y los alcaldes de C\u00facuta, Donamarias Ram\u00edrez; Villa del Rosario, Carlos Julio Socha; Los Patios, Luis Orlando Sandoval, y El Zulia, Manuel Orlando Pradilla. <\/p>\n","protected":false},"excerpt":{"rendered":"<p>C\u00daCUTA.- $3.000 millones se invertir\u00e1n este a\u00f1o en la Polic\u00eda Metropolitana, mientras otros $1.200 millones se destinar\u00e1n para la tecnolog\u00eda. Con los recursos se adquirir\u00e1n 500 computadores, 110 radios de comunicaci\u00f3n, una torre de comunicaci\u00f3n y c\u00e1maras de videos. El anuncio lo hizo el ministro de defensa Juan Carlos Pinz\u00f3n, en C\u00facuta, y sostuvo que &hellip;<\/p>\n","protected":false},"author":1,"featured_media":13040,"comment_status":"open","ping_status":"open","sticky":false,"template":"","format":"standard","meta":{"footnotes":""},"categories":[11,4],"tags":[337],"class_list":["post-13039","post","type-post","status-publish","format-standard","has-post-thumbnail","hentry","category-cronica-roja","category-barra","tag-mindefensa"],"_links":{"self":[{"href":"https:\/\/contraluzcucuta.co\/index.php?rest_route=\/wp\/v2\/posts\/13039","targetHints":{"allow":["GET"]}}],"collection":[{"href":"https:\/\/contraluzcucuta.co\/index.php?rest_route=\/wp\/v2\/posts"}],"about":[{"href":"https:\/\/contraluzcucuta.co\/index.php?rest_route=\/wp\/v2\/types\/post"}],"author":[{"embeddable":true,"href":"https:\/\/contraluzcucuta.co\/index.php?rest_route=\/wp\/v2\/users\/1"}],"replies":[{"embeddable":true,"href":"https:\/\/contraluzcucuta.co\/index.php?rest_route=%2Fwp%2Fv2%2Fcomments&post=13039"}],"version-history":[{"count":1,"href":"https:\/\/contraluzcucuta.co\/index.php?rest_route=\/wp\/v2\/posts\/13039\/revisions"}],"predecessor-version":[{"id":13041,"href":"https:\/\/contraluzcucuta.co\/index.php?rest_route=\/wp\/v2\/posts\/13039\/revisions\/13041"}],"wp:featuredmedia":[{"embeddable":true,"href":"https:\/\/contraluzcucuta.co\/index.php?rest_route=\/wp\/v2\/media\/13040"}],"wp:attachment":[{"href":"https:\/\/contraluzcucuta.co\/index.php?rest_route=%2Fwp%2Fv2%2Fmedia&parent=13039"}],"wp:term":[{"taxonomy":"category","embeddable":true,"href":"https:\/\/contraluzcucuta.co\/index.php?rest_route=%2Fwp%2Fv2%2Fcategories&post=13039"},{"taxonomy":"post_tag","embeddable":true,"href":"https:\/\/contraluzcucuta.co\/index.php?rest_route=%2Fwp%2Fv2%2Ftags&post=13039"}],"curies":[{"name":"wp","href":"https:\/\/api.w.org\/{rel}","templated":true}]}}